{"id":10435,"date":"2019-04-01T13:00:22","date_gmt":"2019-04-01T19:00:22","guid":{"rendered":"http:\/\/www.upslp.edu.mx\/upslp\/?p=10435"},"modified":"2019-04-01T13:00:22","modified_gmt":"2019-04-01T19:00:22","slug":"la-universidad-politecnica-de-san-luis-potosi-llevo-a-cabo-la-feria-del-empleo-2019","status":"publish","type":"post","link":"https:\/\/www.upslp.edu.mx\/upslp\/?p=10435","title":{"rendered":"La Universidad Polit\u00e9cnica de San Luis Potos\u00ed llev\u00f3 a cabo la Feria del Empleo 2019"},"content":{"rendered":"<p style=\"text-align: justify;\">El pasado viernes 29 de marzo, por tercer a\u00f1o consecutivo, la Universidad Polit\u00e9cnica de San Luis Potos\u00ed llev\u00f3 a cabo su Feria del Empleo a la cual asistieron 50 empresas de los giros industrial, comercial y de servicios. La oferta de vacantes para esta edici\u00f3n fue de m\u00e1s de 600 posiciones de empleo y pr\u00e1cticas profesionales para estudiantes y egresados; el 63% de las vacantes ofertadas pertenecieron al giro industrial.<\/p>\n<p style=\"text-align: justify;\">Durante tres horas, empresas importantes y reconocidas nacional e internacionalmente como BMW, DR\u00c4XLMAIER, TIGHITCO, General Motors, ABB, EATON, Goodyear, Faurecia, Mabe, Cummins, Valeo, Honeywell, Daikin, SEL, JTEKT, entre otras, estuvieron informando sobre sus vacantes a estudiantes y egresados de los diferentes Programas Educativos de la Universidad Polit\u00e9cnica.<\/p>\n<p style=\"text-align: justify;\">La participaci\u00f3n de este n\u00famero de empresas es el resultado de la estrecha vinculaci\u00f3n que nuestra Instituci\u00f3n mantiene, desde sus inicios, con el sector productivo y que se ha mantenido a lo largo de los a\u00f1os, cimentada en la calidad de la formaci\u00f3n profesional y en el desempe\u00f1o de nuestros egresados dentro de las empresas de la regi\u00f3n.<\/p>\n<p style=\"text-align: justify;\">Con eventos como la Feria del Empleo se fortalece el \u00edndice de empleabilidad de los egresados de la UPSLP, el cual se ubica entre el 86% y el 92%, lo que significa que nuestros egresados se incorporan al mercado laboral en un lapso menor a los 6 meses, realizando as\u00ed, su proyecto de vida personal y profesional; un logro trascendente para los egresados y sus familias.<\/p>\n<p style=\"text-align: justify;\">Esta tercera edici\u00f3n de la Feria del Empleo forma parte de una serie exitosa de ferias que se celebran anualmente y que en esta ocasi\u00f3n \u00a0fue organizada conjuntamente por la Direcci\u00f3n de Servicios Escolares y Vinculaci\u00f3n y OCC Mundial, la Bolsa de trabajo en l\u00ednea l\u00edder en M\u00e9xico. Los estudiantes y egresados de la Ingenier\u00eda en Telem\u00e1tica, Ingenier\u00eda en Tecnolog\u00edas de la Informaci\u00f3n, Ingenier\u00eda en Sistemas y Tecnolog\u00edas Industriales, Ingenier\u00eda en Tecnolog\u00edas de Manufactura, Licenciado en Administraci\u00f3n y Gesti\u00f3n y Licenciado en Mercadotecnia Internacional, tuvieron acceso a una gran cantidad de oportunidades de inserci\u00f3n y colaboraci\u00f3n en empresas reconocidas no s\u00f3lo en la feria sino tambi\u00e9n al actualizar su CV en la bolsa de trabajo en l\u00ednea de que dispone la UPSLP.<\/p>\n<p style=\"text-align: justify;\">Agradecemos la activa participaci\u00f3n de las empresas y de nuestra comunidad universitaria en la Tercera Feria del Empleo.<\/p>\n<p style=\"text-align: justify;\">\n\n\t\t<style type=\"text\/css\">\n\t\t\t#gallery-1 {\n\t\t\t\tmargin: auto;\n\t\t\t}\n\t\t\t#gallery-1 .gallery-item {\n\t\t\t\tfloat: left;\n\t\t\t\tmargin-top: 10px;\n\t\t\t\ttext-align: center;\n\t\t\t\twidth: 20%;\n\t\t\t}\n\t\t\t#gallery-1 img {\n\t\t\t\tborder: 2px solid #cfcfcf;\n\t\t\t}\n\t\t\t#gallery-1 .gallery-caption {\n\t\t\t\tmargin-left: 0;\n\t\t\t}\n\t\t\t\/* see gallery_shortcode() in wp-includes\/media.php *\/\n\t\t<\/style>\n\t\t<div id='gallery-1' class='gallery galleryid-10435 gallery-columns-5 gallery-size-thumbnail'><dl class='gallery-item'>\n\t\t\t<dt class='gallery-icon landscape'>\n\t\t\t\t<a href='https:\/\/www.upslp.edu.mx\/upslp\/wp-content\/uploads\/2019\/04\/29-mar-Feria-del-Empleo-2019-1.jpg'><img loading=\"lazy\" decoding=\"async\" width=\"150\" height=\"113\" src=\"https:\/\/www.upslp.edu.mx\/upslp\/wp-content\/uploads\/2019\/04\/29-mar-Feria-del-Empleo-2019-1.jpg\" class=\"attachment-thumbnail size-thumbnail\" alt=\"\" \/><\/a>\n\t\t\t<\/dt><\/dl><dl class='gallery-item'>\n\t\t\t<dt class='gallery-icon landscape'>\n\t\t\t\t<a href='https:\/\/www.upslp.edu.mx\/upslp\/wp-content\/uploads\/2019\/04\/29-mar-Feria-del-Empleo-2019-2.jpg'><img loading=\"lazy\" decoding=\"async\" width=\"150\" height=\"113\" src=\"https:\/\/www.upslp.edu.mx\/upslp\/wp-content\/uploads\/2019\/04\/29-mar-Feria-del-Empleo-2019-2.jpg\" class=\"attachment-thumbnail size-thumbnail\" alt=\"\" \/><\/a>\n\t\t\t<\/dt><\/dl><dl class='gallery-item'>\n\t\t\t<dt class='gallery-icon landscape'>\n\t\t\t\t<a href='https:\/\/www.upslp.edu.mx\/upslp\/wp-content\/uploads\/2019\/04\/29-mar-Feria-del-Empleo-2019-3.jpg'><img loading=\"lazy\" decoding=\"async\" width=\"150\" height=\"113\" src=\"https:\/\/www.upslp.edu.mx\/upslp\/wp-content\/uploads\/2019\/04\/29-mar-Feria-del-Empleo-2019-3.jpg\" class=\"attachment-thumbnail size-thumbnail\" alt=\"\" \/><\/a>\n\t\t\t<\/dt><\/dl><dl class='gallery-item'>\n\t\t\t<dt class='gallery-icon landscape'>\n\t\t\t\t<a href='https:\/\/www.upslp.edu.mx\/upslp\/wp-content\/uploads\/2019\/04\/29-mar-Feria-del-Empleo-2019-4.jpg'><img loading=\"lazy\" decoding=\"async\" width=\"150\" height=\"113\" src=\"https:\/\/www.upslp.edu.mx\/upslp\/wp-content\/uploads\/2019\/04\/29-mar-Feria-del-Empleo-2019-4.jpg\" class=\"attachment-thumbnail size-thumbnail\" alt=\"\" \/><\/a>\n\t\t\t<\/dt><\/dl><dl class='gallery-item'>\n\t\t\t<dt class='gallery-icon landscape'>\n\t\t\t\t<a href='https:\/\/www.upslp.edu.mx\/upslp\/wp-content\/uploads\/2019\/04\/29-mar-Feria-del-Empleo-2019-6.jpg'><img loading=\"lazy\" decoding=\"async\" width=\"150\" height=\"113\" src=\"https:\/\/www.upslp.edu.mx\/upslp\/wp-content\/uploads\/2019\/04\/29-mar-Feria-del-Empleo-2019-6.jpg\" class=\"attachment-thumbnail size-thumbnail\" alt=\"\" \/><\/a>\n\t\t\t<\/dt><\/dl><br style=\"clear: both\" \/><dl class='gallery-item'>\n\t\t\t<dt class='gallery-icon landscape'>\n\t\t\t\t<a href='https:\/\/www.upslp.edu.mx\/upslp\/wp-content\/uploads\/2019\/04\/29-mar-Feria-del-Empleo-2019-9.jpg'><img loading=\"lazy\" decoding=\"async\" width=\"150\" height=\"113\" src=\"https:\/\/www.upslp.edu.mx\/upslp\/wp-content\/uploads\/2019\/04\/29-mar-Feria-del-Empleo-2019-9.jpg\" class=\"attachment-thumbnail size-thumbnail\" alt=\"\" \/><\/a>\n\t\t\t<\/dt><\/dl><dl class='gallery-item'>\n\t\t\t<dt class='gallery-icon landscape'>\n\t\t\t\t<a href='https:\/\/www.upslp.edu.mx\/upslp\/wp-content\/uploads\/2019\/04\/29-mar-Feria-del-Empleo-2019-10.jpg'><img loading=\"lazy\" decoding=\"async\" width=\"150\" height=\"113\" src=\"https:\/\/www.upslp.edu.mx\/upslp\/wp-content\/uploads\/2019\/04\/29-mar-Feria-del-Empleo-2019-10.jpg\" class=\"attachment-thumbnail size-thumbnail\" alt=\"\" \/><\/a>\n\t\t\t<\/dt><\/dl><dl class='gallery-item'>\n\t\t\t<dt class='gallery-icon landscape'>\n\t\t\t\t<a href='https:\/\/www.upslp.edu.mx\/upslp\/wp-content\/uploads\/2019\/04\/29-mar-Feria-del-Empleo-2019-12.jpg'><img loading=\"lazy\" decoding=\"async\" width=\"150\" height=\"113\" src=\"https:\/\/www.upslp.edu.mx\/upslp\/wp-content\/uploads\/2019\/04\/29-mar-Feria-del-Empleo-2019-12.jpg\" class=\"attachment-thumbnail size-thumbnail\" alt=\"\" \/><\/a>\n\t\t\t<\/dt><\/dl><dl class='gallery-item'>\n\t\t\t<dt class='gallery-icon landscape'>\n\t\t\t\t<a href='https:\/\/www.upslp.edu.mx\/upslp\/wp-content\/uploads\/2019\/04\/29-mar-Feria-del-Empleo-2019-13.jpg'><img loading=\"lazy\" decoding=\"async\" width=\"150\" height=\"113\" src=\"https:\/\/www.upslp.edu.mx\/upslp\/wp-content\/uploads\/2019\/04\/29-mar-Feria-del-Empleo-2019-13.jpg\" class=\"attachment-thumbnail size-thumbnail\" alt=\"\" \/><\/a>\n\t\t\t<\/dt><\/dl><dl class='gallery-item'>\n\t\t\t<dt class='gallery-icon landscape'>\n\t\t\t\t<a href='https:\/\/www.upslp.edu.mx\/upslp\/wp-content\/uploads\/2019\/04\/29-mar-Feria-del-Empleo-2019-15.jpg'><img loading=\"lazy\" decoding=\"async\" width=\"150\" height=\"113\" src=\"https:\/\/www.upslp.edu.mx\/upslp\/wp-content\/uploads\/2019\/04\/29-mar-Feria-del-Empleo-2019-15.jpg\" class=\"attachment-thumbnail size-thumbnail\" alt=\"\" \/><\/a>\n\t\t\t<\/dt><\/dl><br style=\"clear: both\" \/><dl class='gallery-item'>\n\t\t\t<dt class='gallery-icon landscape'>\n\t\t\t\t<a href='https:\/\/www.upslp.edu.mx\/upslp\/wp-content\/uploads\/2019\/04\/29-mar-Feria-del-Empleo-2019-17.jpg'><img loading=\"lazy\" decoding=\"async\" width=\"150\" height=\"113\" src=\"https:\/\/www.upslp.edu.mx\/upslp\/wp-content\/uploads\/2019\/04\/29-mar-Feria-del-Empleo-2019-17.jpg\" class=\"attachment-thumbnail size-thumbnail\" alt=\"\" \/><\/a>\n\t\t\t<\/dt><\/dl><dl class='gallery-item'>\n\t\t\t<dt class='gallery-icon landscape'>\n\t\t\t\t<a href='https:\/\/www.upslp.edu.mx\/upslp\/wp-content\/uploads\/2019\/04\/29-mar-Feria-del-Empleo-2019-19.jpg'><img loading=\"lazy\" decoding=\"async\" width=\"150\" height=\"113\" src=\"https:\/\/www.upslp.edu.mx\/upslp\/wp-content\/uploads\/2019\/04\/29-mar-Feria-del-Empleo-2019-19.jpg\" class=\"attachment-thumbnail size-thumbnail\" alt=\"\" \/><\/a>\n\t\t\t<\/dt><\/dl><dl class='gallery-item'>\n\t\t\t<dt class='gallery-icon landscape'>\n\t\t\t\t<a href='https:\/\/www.upslp.edu.mx\/upslp\/wp-content\/uploads\/2019\/04\/29-mar-Feria-del-Empleo-2019-20.jpg'><img loading=\"lazy\" decoding=\"async\" width=\"150\" height=\"113\" src=\"https:\/\/www.upslp.edu.mx\/upslp\/wp-content\/uploads\/2019\/04\/29-mar-Feria-del-Empleo-2019-20.jpg\" class=\"attachment-thumbnail size-thumbnail\" alt=\"\" \/><\/a>\n\t\t\t<\/dt><\/dl><dl class='gallery-item'>\n\t\t\t<dt class='gallery-icon landscape'>\n\t\t\t\t<a href='https:\/\/www.upslp.edu.mx\/upslp\/wp-content\/uploads\/2019\/04\/29-mar-Feria-del-Empleo-2019-23.jpg'><img loading=\"lazy\" decoding=\"async\" width=\"150\" height=\"113\" src=\"https:\/\/www.upslp.edu.mx\/upslp\/wp-content\/uploads\/2019\/04\/29-mar-Feria-del-Empleo-2019-23.jpg\" class=\"attachment-thumbnail size-thumbnail\" alt=\"\" \/><\/a>\n\t\t\t<\/dt><\/dl><dl class='gallery-item'>\n\t\t\t<dt class='gallery-icon landscape'>\n\t\t\t\t<a href='https:\/\/www.upslp.edu.mx\/upslp\/wp-content\/uploads\/2019\/04\/29-mar-Feria-del-Empleo-2019-26.jpg'><img loading=\"lazy\" decoding=\"async\" width=\"150\" height=\"113\" src=\"https:\/\/www.upslp.edu.mx\/upslp\/wp-content\/uploads\/2019\/04\/29-mar-Feria-del-Empleo-2019-26.jpg\" class=\"attachment-thumbnail size-thumbnail\" alt=\"\" \/><\/a>\n\t\t\t<\/dt><\/dl><br style=\"clear: both\" \/><dl class='gallery-item'>\n\t\t\t<dt class='gallery-icon landscape'>\n\t\t\t\t<a href='https:\/\/www.upslp.edu.mx\/upslp\/wp-content\/uploads\/2019\/04\/29-mar-Feria-del-Empleo-2019-27.jpg'><img loading=\"lazy\" decoding=\"async\" width=\"150\" height=\"113\" src=\"https:\/\/www.upslp.edu.mx\/upslp\/wp-content\/uploads\/2019\/04\/29-mar-Feria-del-Empleo-2019-27.jpg\" class=\"attachment-thumbnail size-thumbnail\" alt=\"\" \/><\/a>\n\t\t\t<\/dt><\/dl><dl class='gallery-item'>\n\t\t\t<dt class='gallery-icon landscape'>\n\t\t\t\t<a href='https:\/\/www.upslp.edu.mx\/upslp\/wp-content\/uploads\/2019\/04\/29-mar-Feria-del-Empleo-2019-28.jpg'><img loading=\"lazy\" decoding=\"async\" width=\"150\" height=\"113\" src=\"https:\/\/www.upslp.edu.mx\/upslp\/wp-content\/uploads\/2019\/04\/29-mar-Feria-del-Empleo-2019-28.jpg\" class=\"attachment-thumbnail size-thumbnail\" alt=\"\" \/><\/a>\n\t\t\t<\/dt><\/dl><dl class='gallery-item'>\n\t\t\t<dt class='gallery-icon landscape'>\n\t\t\t\t<a href='https:\/\/www.upslp.edu.mx\/upslp\/wp-content\/uploads\/2019\/04\/29-mar-Feria-del-Empleo-2019-30.jpg'><img loading=\"lazy\" decoding=\"async\" width=\"150\" height=\"113\" src=\"https:\/\/www.upslp.edu.mx\/upslp\/wp-content\/uploads\/2019\/04\/29-mar-Feria-del-Empleo-2019-30.jpg\" class=\"attachment-thumbnail size-thumbnail\" alt=\"\" \/><\/a>\n\t\t\t<\/dt><\/dl><dl class='gallery-item'>\n\t\t\t<dt class='gallery-icon landscape'>\n\t\t\t\t<a href='https:\/\/www.upslp.edu.mx\/upslp\/wp-content\/uploads\/2019\/04\/29-mar-Feria-del-Empleo-2019-32.jpg'><img loading=\"lazy\" decoding=\"async\" width=\"150\" height=\"113\" src=\"https:\/\/www.upslp.edu.mx\/upslp\/wp-content\/uploads\/2019\/04\/29-mar-Feria-del-Empleo-2019-32.jpg\" class=\"attachment-thumbnail size-thumbnail\" alt=\"\" \/><\/a>\n\t\t\t<\/dt><\/dl><dl class='gallery-item'>\n\t\t\t<dt class='gallery-icon landscape'>\n\t\t\t\t<a href='https:\/\/www.upslp.edu.mx\/upslp\/wp-content\/uploads\/2019\/04\/29-mar-Feria-del-Empleo-2019-33.jpg'><img loading=\"lazy\" decoding=\"async\" width=\"150\" height=\"113\" src=\"https:\/\/www.upslp.edu.mx\/upslp\/wp-content\/uploads\/2019\/04\/29-mar-Feria-del-Empleo-2019-33.jpg\" class=\"attachment-thumbnail size-thumbnail\" alt=\"\" \/><\/a>\n\t\t\t<\/dt><\/dl><br style=\"clear: both\" \/><dl class='gallery-item'>\n\t\t\t<dt class='gallery-icon landscape'>\n\t\t\t\t<a href='https:\/\/www.upslp.edu.mx\/upslp\/wp-content\/uploads\/2019\/04\/29-mar-Feria-del-Empleo-2019-34.jpg'><img loading=\"lazy\" decoding=\"async\" width=\"150\" height=\"113\" src=\"https:\/\/www.upslp.edu.mx\/upslp\/wp-content\/uploads\/2019\/04\/29-mar-Feria-del-Empleo-2019-34.jpg\" class=\"attachment-thumbnail size-thumbnail\" alt=\"\" \/><\/a>\n\t\t\t<\/dt><\/dl><dl class='gallery-item'>\n\t\t\t<dt class='gallery-icon landscape'>\n\t\t\t\t<a href='https:\/\/www.upslp.edu.mx\/upslp\/wp-content\/uploads\/2019\/04\/29-mar-Feria-del-Empleo-2019-42.jpg'><img loading=\"lazy\" decoding=\"async\" width=\"150\" height=\"113\" src=\"https:\/\/www.upslp.edu.mx\/upslp\/wp-content\/uploads\/2019\/04\/29-mar-Feria-del-Empleo-2019-42.jpg\" class=\"attachment-thumbnail size-thumbnail\" alt=\"\" \/><\/a>\n\t\t\t<\/dt><\/dl><dl class='gallery-item'>\n\t\t\t<dt class='gallery-icon landscape'>\n\t\t\t\t<a href='https:\/\/www.upslp.edu.mx\/upslp\/wp-content\/uploads\/2019\/04\/29-mar-Feria-del-Empleo-2019-44.jpg'><img loading=\"lazy\" decoding=\"async\" width=\"150\" height=\"113\" src=\"https:\/\/www.upslp.edu.mx\/upslp\/wp-content\/uploads\/2019\/04\/29-mar-Feria-del-Empleo-2019-44.jpg\" class=\"attachment-thumbnail size-thumbnail\" alt=\"\" \/><\/a>\n\t\t\t<\/dt><\/dl><dl class='gallery-item'>\n\t\t\t<dt class='gallery-icon landscape'>\n\t\t\t\t<a href='https:\/\/www.upslp.edu.mx\/upslp\/wp-content\/uploads\/2019\/04\/29-mar-Feria-del-Empleo-2019-45.jpg'><img loading=\"lazy\" decoding=\"async\" width=\"150\" height=\"113\" src=\"https:\/\/www.upslp.edu.mx\/upslp\/wp-content\/uploads\/2019\/04\/29-mar-Feria-del-Empleo-2019-45.jpg\" class=\"attachment-thumbnail size-thumbnail\" alt=\"\" \/><\/a>\n\t\t\t<\/dt><\/dl>\n\t\t\t<br style='clear: both' \/>\n\t\t<\/div>\n\n","protected":false},"excerpt":{"rendered":"<p>El pasado viernes 29 de marzo, por tercer a\u00f1o consecutivo, la Universidad Polit\u00e9cnica de [&hellip;]<\/p>\n","protected":false},"author":1,"featured_media":0,"comment_status":"closed","ping_status":"closed","sticky":false,"template":"","format":"standard","meta":{"footnotes":""},"categories":[3],"tags":[],"_links":{"self":[{"href":"https:\/\/www.upslp.edu.mx\/upslp\/index.php?rest_route=\/wp\/v2\/posts\/10435"}],"collection":[{"href":"https:\/\/www.upslp.edu.mx\/upslp\/index.php?rest_route=\/wp\/v2\/posts"}],"about":[{"href":"https:\/\/www.upslp.edu.mx\/upslp\/index.php?rest_route=\/wp\/v2\/types\/post"}],"author":[{"embeddable":true,"href":"https:\/\/www.upslp.edu.mx\/upslp\/index.php?rest_route=\/wp\/v2\/users\/1"}],"replies":[{"embeddable":true,"href":"https:\/\/www.upslp.edu.mx\/upslp\/index.php?rest_route=%2Fwp%2Fv2%2Fcomments&post=10435"}],"version-history":[{"count":1,"href":"https:\/\/www.upslp.edu.mx\/upslp\/index.php?rest_route=\/wp\/v2\/posts\/10435\/revisions"}],"predecessor-version":[{"id":10460,"href":"https:\/\/www.upslp.edu.mx\/upslp\/index.php?rest_route=\/wp\/v2\/posts\/10435\/revisions\/10460"}],"wp:attachment":[{"href":"https:\/\/www.upslp.edu.mx\/upslp\/index.php?rest_route=%2Fwp%2Fv2%2Fmedia&parent=10435"}],"wp:term":[{"taxonomy":"category","embeddable":true,"href":"https:\/\/www.upslp.edu.mx\/upslp\/index.php?rest_route=%2Fwp%2Fv2%2Fcategories&post=10435"},{"taxonomy":"post_tag","embeddable":true,"href":"https:\/\/www.upslp.edu.mx\/upslp\/index.php?rest_route=%2Fwp%2Fv2%2Ftags&post=10435"}],"curies":[{"name":"wp","href":"https:\/\/api.w.org\/{rel}","templated":true}]}}