{"id":10799,"date":"2019-06-25T12:44:45","date_gmt":"2019-06-25T17:44:45","guid":{"rendered":"http:\/\/www.upslp.edu.mx\/upslp\/?p=10799"},"modified":"2019-06-26T12:49:25","modified_gmt":"2019-06-26T17:49:25","slug":"inician-actividades-del-21o-verano-de-la-ciencia-region-centro-en-la-universidad-politecnica-de-san-luis-potosi","status":"publish","type":"post","link":"https:\/\/www.upslp.edu.mx\/upslp\/?p=10799","title":{"rendered":"Inician Actividades del 21\u00ba Verano de la Ciencia Regi\u00f3n Centro, en la Universidad Polit\u00e9cnica de San Luis Potos\u00ed."},"content":{"rendered":"<p style=\"text-align: justify;\">El lunes 17 de junio, la Universidad Polit\u00e9cnica de San Luis Potos\u00ed (UPSLP) inici\u00f3 las actividades de la vig\u00e9sima primera edici\u00f3n del Verano de la Ciencia, Regi\u00f3n Centro, en la cual participan j\u00f3venes de nivel licenciatura de seis estados de la Rep\u00fablica Mexicana, adem\u00e1s de estudiantes del Programa del Verano de la Investigaci\u00f3n Cient\u00edfica y Tecnol\u00f3gica del Pac\u00edfico 2019 \u2013 Programa Delf\u00edn.<\/p>\n<p style=\"text-align: justify;\">En su mensaje, el Mtro. Francisco Javier Delgado Rojas, Rector de la UPSLP, resalt\u00f3 la importancia de detonar vocaciones cient\u00edficas en los estudiantes al participar en el Verano de la Ciencia y que ello, resulte en un incentivo para que al t\u00e9rmino de su carrera profesional contin\u00faen en el camino de la investigaci\u00f3n y el desarrollo tecnol\u00f3gico. Destac\u00f3 que la investigaci\u00f3n es cada vez m\u00e1s importante ya que nuestro pa\u00eds requiere de capital humano altamente capacitado para el desarrollo de procesos de innovaci\u00f3n y con ello, alcanzar una mayor competitividad y, por otro lado, que contribuya al crecimiento econ\u00f3mico y mejoramiento de la calidad de vida.<\/p>\n<p style=\"text-align: justify;\">El 21\u00ba. Verano de la Ciencia Regi\u00f3n Centro se llevar\u00e1 a cabo del 17 de junio al 19 de julio, con 13 proyectos\u00a0 desarrollados por estudiantes de diversas instituciones de educaci\u00f3n superior como: el Instituto Tecnol\u00f3gico Superior de Irapuato, Instituto Tecnol\u00f3gico de San Luis Potos\u00ed, Universidad Aut\u00f3noma de Zacatecas, Centro Universitario UAEM Amecameca, Instituto Polit\u00e9cnico Nacional, Instituto Tecnol\u00f3gico de Pachuca, Instituto Tecnol\u00f3gico de Zit\u00e1cuaro, Instituto Tecnol\u00f3gico Jos\u00e9 Mario Molina Pasquel y Henr\u00edquez, Universidad Aut\u00f3noma de Nayarit, Universidad Aut\u00f3noma de Occidente, Universidad de Guadalajara y Universidad Polit\u00e9cnica de San Luis Potos\u00ed. Los temas de investigaci\u00f3n en los cuales colaborar\u00e1n los estudiantes son, entre otras: la preservaci\u00f3n de la salud, el cuidado del medio ambiente, la producci\u00f3n de alimentos, el desarrollo de la tecnolog\u00eda, la legislaci\u00f3n, la econom\u00eda los procesos sociales, las comunicaciones y las fuentes de energ\u00eda.<\/p>\n<p style=\"text-align: justify;\">Durante la inauguraci\u00f3n, se cont\u00f3 tambi\u00e9n con la presencia del Dr. Francisco Rafael Rostro Contreras, Vicerrector Acad\u00e9mico de la UPSLP; Mtro. Igor Le\u00f3n O\u2019Farill,\u00a0 Director de Administraci\u00f3n y Finanzas de la UPSLP; y Dr. Carlos Adri\u00e1n Arriaga Santos, Coordinador de la Academia de Ciencias.<\/p>\n<p style=\"text-align: justify;\">\u00a1Le deseamos el mayor de los \u00e9xitos a todos los participantes!!<\/p>\n<p style=\"text-align: justify;\">\n\n\t\t<style type=\"text\/css\">\n\t\t\t#gallery-1 {\n\t\t\t\tmargin: auto;\n\t\t\t}\n\t\t\t#gallery-1 .gallery-item {\n\t\t\t\tfloat: left;\n\t\t\t\tmargin-top: 10px;\n\t\t\t\ttext-align: center;\n\t\t\t\twidth: 25%;\n\t\t\t}\n\t\t\t#gallery-1 img {\n\t\t\t\tborder: 2px solid #cfcfcf;\n\t\t\t}\n\t\t\t#gallery-1 .gallery-caption {\n\t\t\t\tmargin-left: 0;\n\t\t\t}\n\t\t\t\/* see gallery_shortcode() in wp-includes\/media.php *\/\n\t\t<\/style>\n\t\t<div id='gallery-1' class='gallery galleryid-10799 gallery-columns-4 gallery-size-thumbnail'><dl class='gallery-item'>\n\t\t\t<dt class='gallery-icon landscape'>\n\t\t\t\t<a href='https:\/\/www.upslp.edu.mx\/upslp\/wp-content\/uploads\/2019\/06\/17-jun-Inauguracion-Verano-de-la-Ciencia-2019-1.jpg'><img loading=\"lazy\" decoding=\"async\" width=\"150\" height=\"113\" src=\"https:\/\/www.upslp.edu.mx\/upslp\/wp-content\/uploads\/2019\/06\/17-jun-Inauguracion-Verano-de-la-Ciencia-2019-1.jpg\" class=\"attachment-thumbnail size-thumbnail\" alt=\"\" \/><\/a>\n\t\t\t<\/dt><\/dl><dl class='gallery-item'>\n\t\t\t<dt class='gallery-icon landscape'>\n\t\t\t\t<a href='https:\/\/www.upslp.edu.mx\/upslp\/wp-content\/uploads\/2019\/06\/17-jun-Inauguracion-Verano-de-la-Ciencia-2019-2.jpg'><img loading=\"lazy\" decoding=\"async\" width=\"150\" height=\"113\" src=\"https:\/\/www.upslp.edu.mx\/upslp\/wp-content\/uploads\/2019\/06\/17-jun-Inauguracion-Verano-de-la-Ciencia-2019-2.jpg\" class=\"attachment-thumbnail size-thumbnail\" alt=\"\" \/><\/a>\n\t\t\t<\/dt><\/dl><dl class='gallery-item'>\n\t\t\t<dt class='gallery-icon landscape'>\n\t\t\t\t<a href='https:\/\/www.upslp.edu.mx\/upslp\/wp-content\/uploads\/2019\/06\/17-jun-Inauguracion-Verano-de-la-Ciencia-2019-3.jpg'><img loading=\"lazy\" decoding=\"async\" width=\"150\" height=\"113\" src=\"https:\/\/www.upslp.edu.mx\/upslp\/wp-content\/uploads\/2019\/06\/17-jun-Inauguracion-Verano-de-la-Ciencia-2019-3.jpg\" class=\"attachment-thumbnail size-thumbnail\" alt=\"\" \/><\/a>\n\t\t\t<\/dt><\/dl><dl class='gallery-item'>\n\t\t\t<dt class='gallery-icon landscape'>\n\t\t\t\t<a href='https:\/\/www.upslp.edu.mx\/upslp\/wp-content\/uploads\/2019\/06\/17-jun-Inauguracion-Verano-de-la-Ciencia-2019-4.jpg'><img loading=\"lazy\" decoding=\"async\" width=\"150\" height=\"113\" src=\"https:\/\/www.upslp.edu.mx\/upslp\/wp-content\/uploads\/2019\/06\/17-jun-Inauguracion-Verano-de-la-Ciencia-2019-4.jpg\" class=\"attachment-thumbnail size-thumbnail\" alt=\"\" \/><\/a>\n\t\t\t<\/dt><\/dl><br style=\"clear: both\" \/><dl class='gallery-item'>\n\t\t\t<dt class='gallery-icon landscape'>\n\t\t\t\t<a href='https:\/\/www.upslp.edu.mx\/upslp\/wp-content\/uploads\/2019\/06\/17-jun-Inauguracion-Verano-de-la-Ciencia-2019-5.jpg'><img loading=\"lazy\" decoding=\"async\" width=\"150\" height=\"113\" src=\"https:\/\/www.upslp.edu.mx\/upslp\/wp-content\/uploads\/2019\/06\/17-jun-Inauguracion-Verano-de-la-Ciencia-2019-5.jpg\" class=\"attachment-thumbnail size-thumbnail\" alt=\"\" \/><\/a>\n\t\t\t<\/dt><\/dl><dl class='gallery-item'>\n\t\t\t<dt class='gallery-icon landscape'>\n\t\t\t\t<a href='https:\/\/www.upslp.edu.mx\/upslp\/wp-content\/uploads\/2019\/06\/17-jun-Inauguracion-Verano-de-la-Ciencia-2019-6.jpg'><img loading=\"lazy\" decoding=\"async\" width=\"150\" height=\"113\" src=\"https:\/\/www.upslp.edu.mx\/upslp\/wp-content\/uploads\/2019\/06\/17-jun-Inauguracion-Verano-de-la-Ciencia-2019-6.jpg\" class=\"attachment-thumbnail size-thumbnail\" alt=\"\" \/><\/a>\n\t\t\t<\/dt><\/dl><dl class='gallery-item'>\n\t\t\t<dt class='gallery-icon landscape'>\n\t\t\t\t<a href='https:\/\/www.upslp.edu.mx\/upslp\/wp-content\/uploads\/2019\/06\/17-jun-Inauguracion-Verano-de-la-Ciencia-2019-7.jpg'><img loading=\"lazy\" decoding=\"async\" width=\"150\" height=\"67\" src=\"https:\/\/www.upslp.edu.mx\/upslp\/wp-content\/uploads\/2019\/06\/17-jun-Inauguracion-Verano-de-la-Ciencia-2019-7.jpg\" class=\"attachment-thumbnail size-thumbnail\" alt=\"\" \/><\/a>\n\t\t\t<\/dt><\/dl>\n\t\t\t<br style='clear: both' \/>\n\t\t<\/div>\n\n","protected":false},"excerpt":{"rendered":"<p>El lunes 17 de junio, la Universidad Polit\u00e9cnica de San Luis Potos\u00ed (UPSLP) inici\u00f3 [&hellip;]<\/p>\n","protected":false},"author":1,"featured_media":0,"comment_status":"closed","ping_status":"closed","sticky":false,"template":"","format":"standard","meta":{"footnotes":""},"categories":[3],"tags":[],"_links":{"self":[{"href":"https:\/\/www.upslp.edu.mx\/upslp\/index.php?rest_route=\/wp\/v2\/posts\/10799"}],"collection":[{"href":"https:\/\/www.upslp.edu.mx\/upslp\/index.php?rest_route=\/wp\/v2\/posts"}],"about":[{"href":"https:\/\/www.upslp.edu.mx\/upslp\/index.php?rest_route=\/wp\/v2\/types\/post"}],"author":[{"embeddable":true,"href":"https:\/\/www.upslp.edu.mx\/upslp\/index.php?rest_route=\/wp\/v2\/users\/1"}],"replies":[{"embeddable":true,"href":"https:\/\/www.upslp.edu.mx\/upslp\/index.php?rest_route=%2Fwp%2Fv2%2Fcomments&post=10799"}],"version-history":[{"count":1,"href":"https:\/\/www.upslp.edu.mx\/upslp\/index.php?rest_route=\/wp\/v2\/posts\/10799\/revisions"}],"predecessor-version":[{"id":10807,"href":"https:\/\/www.upslp.edu.mx\/upslp\/index.php?rest_route=\/wp\/v2\/posts\/10799\/revisions\/10807"}],"wp:attachment":[{"href":"https:\/\/www.upslp.edu.mx\/upslp\/index.php?rest_route=%2Fwp%2Fv2%2Fmedia&parent=10799"}],"wp:term":[{"taxonomy":"category","embeddable":true,"href":"https:\/\/www.upslp.edu.mx\/upslp\/index.php?rest_route=%2Fwp%2Fv2%2Fcategories&post=10799"},{"taxonomy":"post_tag","embeddable":true,"href":"https:\/\/www.upslp.edu.mx\/upslp\/index.php?rest_route=%2Fwp%2Fv2%2Ftags&post=10799"}],"curies":[{"name":"wp","href":"https:\/\/api.w.org\/{rel}","templated":true}]}}