{"id":11064,"date":"2019-08-22T08:00:25","date_gmt":"2019-08-22T13:00:25","guid":{"rendered":"http:\/\/www.upslp.edu.mx\/upslp\/?p=11064"},"modified":"2019-08-23T10:50:19","modified_gmt":"2019-08-23T15:50:19","slug":"dos-cuerpos-academicos-de-la-universidad-politecnica-de-san-luis-potosi-reciben-reconocimiento-por-parte-del-programa-para-el-desarrollo-profesional-docente-prodep","status":"publish","type":"post","link":"https:\/\/www.upslp.edu.mx\/upslp\/?p=11064","title":{"rendered":"Dos Cuerpos Acad\u00e9micos de la Universidad Polit\u00e9cnica de San Luis Potos\u00ed reciben reconocimiento por parte del Programa para el Desarrollo Profesional Docente (PRODEP)"},"content":{"rendered":"<p style=\"text-align: justify;\">En noviembre de 2018, el Programa para el Desarrollo Profesional Docente (PRODEP) otorg\u00f3 el grado de \u201cConsolidado\u201d a dos de los Cuerpos Acad\u00e9micos de la Universidad Polit\u00e9cnica de San Luis Potos\u00ed, en las \u00e1reas de Ingenier\u00eda y Tecnolog\u00eda; y Desarrollo Local y Competitividad Empresarial, siendo \u00e9ste el grado m\u00e1ximo de reconocimiento que puede obtener un Cuerpo Acad\u00e9mico.<\/p>\n<p style=\"text-align: justify;\">El Cuerpo Acad\u00e9mico \u201cTecnolog\u00edas de la Informaci\u00f3n y Comunicaciones para el Desarrollo y la Competitividad\u201d forma parte de un selecto grupo de tres Cuerpos Acad\u00e9micos que han alcanzado el grado de \u201cConsolidado\u201d con respecto de los Cuerpos Acad\u00e9micos del Subsistema de Universidades Polit\u00e9cnicas, registrados en el \u00e1rea de \u201cIngenier\u00eda y Tecnolog\u00eda\u201d en la disciplina \u201cTeleinform\u00e1tica\u201d, \u00a0y que en total suman veintitr\u00e9s.<\/p>\n<p style=\"text-align: justify;\">Est\u00e1 liderado por el Dr. Juan Antonio Cabrera Rico y sus integrantes son: Dr. Francisco Cruz Ordaz Salazar, Mtro. Rafael Llamas Contreras, Dr. Omar Monta\u00f1o Rivas y Dr. Hugo Francisco Gonz\u00e1lez Robledo, quienes son Profesores Investigadores de Tiempo Completo pertenecientes a los programas educativos de Ingenier\u00eda en Telem\u00e1tica (ITEM) e Ingenier\u00eda en Tecnolog\u00edas de la Informaci\u00f3n (ITI). Adem\u00e1s, cuenta con la participaci\u00f3n de tres colaboradores: Mtro. \u00a0V\u00edctor Manuel Fern\u00e1ndez Mireles, Mtra. Liliana G\u00e1mez Zavala y Mtro. Modar Shbat, quien, adem\u00e1s, es miembro del Sistema Nacional de Investigadores, Nivel 1.<\/p>\n<p style=\"text-align: justify;\">El Cuerpo Acad\u00e9mico cultiva tres L\u00edneas Innovadoras de Investigaci\u00f3n Aplicada y Desarrollo Tecnol\u00f3gico:<\/p>\n<ol style=\"text-align: justify;\">\n<li>Sistemas de Telecomunicaciones: desarrollada por Dr. Juan Antonio Cabrera Rico y Dr. Francisco Cruz Ordaz Salazar.<\/li>\n<li>Innovaci\u00f3n y Transferencia de Tecnolog\u00eda: desarrollada por Dr. Juan Antonio Cabrera Rico.<\/li>\n<li>Tecnolog\u00edas de la Informaci\u00f3n: desarrollada por Dr. Francisco Cruz Ordaz Salazar, Mtro. Rafael Llamas Contreras, Dr. Omar Monta\u00f1o Rivas y Dr. Hugo Francisco Gonz\u00e1lez Robledo.<\/li>\n<\/ol>\n<p style=\"text-align: justify;\">Por su parte, el Cuerpo Acad\u00e9mico \u201cDesarrollo Local y Competitividad Empresarial\u201d es el \u00fanico Cuerpo Acad\u00e9mico en el \u00e1rea de \u201cCiencias Sociales y Administrativas\u201d, en la disciplina \u201cAdministraci\u00f3n\u201d, \u00a0que tiene el grado de \u201cConsolidado\u201d con respecto de los Cuerpos Acad\u00e9micos del Subsistema de Universidades Polit\u00e9cnicas, los cuales suman veintinueve.<\/p>\n<p style=\"text-align: justify;\">Est\u00e1 liderado por el Dr. Juan Carlos Neri Guzm\u00e1n, quien pertenece al Sistema Nacional de Investigadores Nivel 1, y sus integrantes son: Mtra. Martha Alicia Alonso Casta\u00f1\u00f3n, Mtra. Martha Ang\u00e9lica De La Rosa Hern\u00e1ndez, Mtra. Gloria Cristina Palos Cerda, Dra. Luisa Ren\u00e9e Due\u00f1as Salm\u00e1n y Mtro. Bernardo Le\u00f3n Garc\u00eda, quienes son Profesores Investigadores de Tiempo Completo pertenecientes a los programas educativos de Licenciatura en Administraci\u00f3n y Gesti\u00f3n (LAG) y Licenciatura en Mercadotecnia Internacional (LMI), adem\u00e1s del Dr. Francisco Rafael Rostro Contreras, actual Vicerrector Acad\u00e9mico de la UPSLP.\u00a0 Tambi\u00e9n cuenta con la participaci\u00f3n de dos profesoras investigadoras de la UPSLP: M.C. X\u00f3chitl Hern\u00e1ndez Vel\u00e1zquez y M.C. Guadalupe del Socorro Palmer de los Santos.<\/p>\n<p style=\"text-align: justify;\">El Cuerpo Acad\u00e9mico cultiva cuatro L\u00edneas Innovadoras de Investigaci\u00f3n Aplicada y Desarrollo Tecnol\u00f3gico:<\/p>\n<ol style=\"text-align: justify;\">\n<li>Administraci\u00f3n para el Desarrollo del Capital Estrat\u00e9gico: desarrollada por Dr. Juan Carlos Neri Guzm\u00e1n, Mtro. Bernardo Le\u00f3n Garc\u00eda, Dra. Luisa Ren\u00e9e Due\u00f1as Salm\u00e1n, Mtra. Gloria Cristina Palos Cerda y Dr. Francisco Rafael Rostro Contreras.<\/li>\n<li>Administraci\u00f3n para el Desarrollo del Capital Humano: desarrollada por Mtra. Martha Alicia Alonso Casta\u00f1\u00f3n, Mtra. Martha Ang\u00e9lica de la Rosa Hern\u00e1ndez y Mtro. Bernardo Le\u00f3n Garc\u00eda.<\/li>\n<li>Administraci\u00f3n para el Desarrollo del Capital Tecnol\u00f3gico: desarrollada por Mtro. Bernardo Le\u00f3n Garc\u00eda y Dr. Juan Carlos Neri Guzm\u00e1n.<\/li>\n<li>Administraci\u00f3n para el Desarrollo del Capital Social: desarrollada por Mtra. Martha Alicia Alonso Casta\u00f1\u00f3n, Mtra. Martha Ang\u00e9lica de la Rosa Hern\u00e1ndez, Dra. Luisa Ren\u00e9e Due\u00f1as Salm\u00e1n, Mtro. Bernardo Le\u00f3n Garc\u00eda y Dr. Juan Carlos Neri Guzm\u00e1n.<\/li>\n<\/ol>\n<p style=\"text-align: justify;\">\n<p style=\"text-align: justify;\">La Universidad Polit\u00e9cnica extiende un reconocimiento y afectuosa felicitaci\u00f3n a los integrantes de los dos Cuerpos Acad\u00e9micos por este significativo logro, por su labor y trabajo realizado.\u00a0 \u00a1Enhorabuena!<\/p>\n\n\t\t<style type=\"text\/css\">\n\t\t\t#gallery-1 {\n\t\t\t\tmargin: auto;\n\t\t\t}\n\t\t\t#gallery-1 .gallery-item {\n\t\t\t\tfloat: left;\n\t\t\t\tmargin-top: 10px;\n\t\t\t\ttext-align: center;\n\t\t\t\twidth: 33%;\n\t\t\t}\n\t\t\t#gallery-1 img {\n\t\t\t\tborder: 2px solid #cfcfcf;\n\t\t\t}\n\t\t\t#gallery-1 .gallery-caption {\n\t\t\t\tmargin-left: 0;\n\t\t\t}\n\t\t\t\/* see gallery_shortcode() in wp-includes\/media.php *\/\n\t\t<\/style>\n\t\t<div id='gallery-1' class='gallery galleryid-11064 gallery-columns-3 gallery-size-thumbnail'><dl class='gallery-item'>\n\t\t\t<dt class='gallery-icon portrait'>\n\t\t\t\t<a href='https:\/\/www.upslp.edu.mx\/upslp\/wp-content\/uploads\/2019\/08\/Cuerpo-Academico-Dr-Cabrera-ext.jpg'><img loading=\"lazy\" decoding=\"async\" width=\"123\" height=\"150\" src=\"https:\/\/www.upslp.edu.mx\/upslp\/wp-content\/uploads\/2019\/08\/Cuerpo-Academico-Dr-Cabrera-ext.jpg\" class=\"attachment-thumbnail size-thumbnail\" alt=\"\" \/><\/a>\n\t\t\t<\/dt><\/dl><dl class='gallery-item'>\n\t\t\t<dt class='gallery-icon portrait'>\n\t\t\t\t<a href='https:\/\/www.upslp.edu.mx\/upslp\/wp-content\/uploads\/2019\/08\/Cuerpo-Academico-Dr-Neri-Rostro.jpg'><img loading=\"lazy\" decoding=\"async\" width=\"126\" height=\"150\" src=\"https:\/\/www.upslp.edu.mx\/upslp\/wp-content\/uploads\/2019\/08\/Cuerpo-Academico-Dr-Neri-Rostro.jpg\" class=\"attachment-thumbnail size-thumbnail\" alt=\"\" \/><\/a>\n\t\t\t<\/dt><\/dl><dl class='gallery-item'>\n\t\t\t<dt class='gallery-icon landscape'>\n\t\t\t\t<a href='https:\/\/www.upslp.edu.mx\/upslp\/wp-content\/uploads\/2019\/08\/Cuerpos-Academicos-Rector-Vicerrector.jpg'><img loading=\"lazy\" decoding=\"async\" width=\"150\" height=\"113\" src=\"https:\/\/www.upslp.edu.mx\/upslp\/wp-content\/uploads\/2019\/08\/Cuerpos-Academicos-Rector-Vicerrector.jpg\" class=\"attachment-thumbnail size-thumbnail\" alt=\"\" \/><\/a>\n\t\t\t<\/dt><\/dl><br style=\"clear: both\" \/>\n\t\t<\/div>\n\n","protected":false},"excerpt":{"rendered":"<p>En noviembre de 2018, el Programa para el Desarrollo Profesional Docente (PRODEP) otorg\u00f3 el [&hellip;]<\/p>\n","protected":false},"author":1,"featured_media":0,"comment_status":"closed","ping_status":"closed","sticky":false,"template":"","format":"standard","meta":{"footnotes":""},"categories":[3],"tags":[],"_links":{"self":[{"href":"https:\/\/www.upslp.edu.mx\/upslp\/index.php?rest_route=\/wp\/v2\/posts\/11064"}],"collection":[{"href":"https:\/\/www.upslp.edu.mx\/upslp\/index.php?rest_route=\/wp\/v2\/posts"}],"about":[{"href":"https:\/\/www.upslp.edu.mx\/upslp\/index.php?rest_route=\/wp\/v2\/types\/post"}],"author":[{"embeddable":true,"href":"https:\/\/www.upslp.edu.mx\/upslp\/index.php?rest_route=\/wp\/v2\/users\/1"}],"replies":[{"embeddable":true,"href":"https:\/\/www.upslp.edu.mx\/upslp\/index.php?rest_route=%2Fwp%2Fv2%2Fcomments&post=11064"}],"version-history":[{"count":4,"href":"https:\/\/www.upslp.edu.mx\/upslp\/index.php?rest_route=\/wp\/v2\/posts\/11064\/revisions"}],"predecessor-version":[{"id":11074,"href":"https:\/\/www.upslp.edu.mx\/upslp\/index.php?rest_route=\/wp\/v2\/posts\/11064\/revisions\/11074"}],"wp:attachment":[{"href":"https:\/\/www.upslp.edu.mx\/upslp\/index.php?rest_route=%2Fwp%2Fv2%2Fmedia&parent=11064"}],"wp:term":[{"taxonomy":"category","embeddable":true,"href":"https:\/\/www.upslp.edu.mx\/upslp\/index.php?rest_route=%2Fwp%2Fv2%2Fcategories&post=11064"},{"taxonomy":"post_tag","embeddable":true,"href":"https:\/\/www.upslp.edu.mx\/upslp\/index.php?rest_route=%2Fwp%2Fv2%2Ftags&post=11064"}],"curies":[{"name":"wp","href":"https:\/\/api.w.org\/{rel}","templated":true}]}}