{"id":11114,"date":"2019-08-30T10:06:43","date_gmt":"2019-08-30T15:06:43","guid":{"rendered":"http:\/\/www.upslp.edu.mx\/upslp\/?p=11114"},"modified":"2019-09-03T10:08:31","modified_gmt":"2019-09-03T15:08:31","slug":"fundacion-telmex-telcel-otorga-becas-a-estudiantes-de-la-universidad-politecnica-de-san-luis-potosi-2","status":"publish","type":"post","link":"https:\/\/www.upslp.edu.mx\/upslp\/?p=11114","title":{"rendered":"Fundaci\u00f3n Telmex \u2013 Telcel otorga becas a estudiantes de la Universidad Polit\u00e9cnica de San Luis Potos\u00ed"},"content":{"rendered":"<p style=\"text-align: justify;\">Como parte del programa \u201cCorriendo por la Educaci\u00f3n\u201d, la Fundaci\u00f3n Telmex- Telcel hizo entrega de 10 becas para estudiantes destacados de la Universidad Polit\u00e9cnica de San Luis Potos\u00ed (UPSLP), las cuales fueron recibidas por el Mtro. Francisco Javier Delgado Rojas, Rector de esta Casa de Estudios.<\/p>\n<p style=\"text-align: justify;\">El evento se llev\u00f3 a cabo el 29 de agosto en el Centro de Rehabilitaci\u00f3n y Educaci\u00f3n Especial (CREE) y estuvo presidido por el Gobernador del Estado de San Luis Potos\u00ed, Juan Manuel Carreras L\u00f3pez acompa\u00f1ado del Director Operativo de Fundaci\u00f3n Telmex-Telcel, Fausto Cota Chirino; Presidenta de la Junta Directiva del Sistema Estatal para el Desarrollo Integral de la Familia (DIF), Lorena Valle Rodr\u00edguez; Gerente de Plaza de Telcel en San Luis Potos\u00ed, Norman Rose; y el Rector de la Universidad Polit\u00e9cnica de San Luis Potos\u00ed, Mtro. Francisco Javier Delgado Rojas.<\/p>\n<p style=\"text-align: justify;\">Cabe destacar que este es el tercer a\u00f1o que se otorga este beneficio a los estudiantes de los seis programas educativos de la UPSLP. Las becas ofrecen un apoyo econ\u00f3mico mensual, un equipo de c\u00f3mputo con acceso a internet as\u00ed como acceso a actividades exclusivas orientadas a complementar la formaci\u00f3n de los becarios.<\/p>\n<p style=\"text-align: justify;\">La Universidad Polit\u00e9cnica de San Luis Potos\u00ed agradece el apoyo recibido por parte de la Fundaci\u00f3n Telmex-Telcel para nuestra comunidad estudiantil.<\/p>\n<p style=\"text-align: justify;\">\n\n\t\t<style type=\"text\/css\">\n\t\t\t#gallery-1 {\n\t\t\t\tmargin: auto;\n\t\t\t}\n\t\t\t#gallery-1 .gallery-item {\n\t\t\t\tfloat: left;\n\t\t\t\tmargin-top: 10px;\n\t\t\t\ttext-align: center;\n\t\t\t\twidth: 33%;\n\t\t\t}\n\t\t\t#gallery-1 img {\n\t\t\t\tborder: 2px solid #cfcfcf;\n\t\t\t}\n\t\t\t#gallery-1 .gallery-caption {\n\t\t\t\tmargin-left: 0;\n\t\t\t}\n\t\t\t\/* see gallery_shortcode() in wp-includes\/media.php *\/\n\t\t<\/style>\n\t\t<div id='gallery-1' class='gallery galleryid-11114 gallery-columns-3 gallery-size-thumbnail'><dl class='gallery-item'>\n\t\t\t<dt class='gallery-icon landscape'>\n\t\t\t\t<a href='https:\/\/www.upslp.edu.mx\/upslp\/wp-content\/uploads\/2019\/09\/29-ago-Entrega-Becas-Telmex-Telcel-1.jpg'><img loading=\"lazy\" decoding=\"async\" width=\"150\" height=\"100\" src=\"https:\/\/www.upslp.edu.mx\/upslp\/wp-content\/uploads\/2019\/09\/29-ago-Entrega-Becas-Telmex-Telcel-1.jpg\" class=\"attachment-thumbnail size-thumbnail\" alt=\"\" \/><\/a>\n\t\t\t<\/dt><\/dl><dl class='gallery-item'>\n\t\t\t<dt class='gallery-icon landscape'>\n\t\t\t\t<a href='https:\/\/www.upslp.edu.mx\/upslp\/wp-content\/uploads\/2019\/09\/29-ago-Entrega-Becas-Telmex-Telcel-2.jpg'><img loading=\"lazy\" decoding=\"async\" width=\"150\" height=\"100\" src=\"https:\/\/www.upslp.edu.mx\/upslp\/wp-content\/uploads\/2019\/09\/29-ago-Entrega-Becas-Telmex-Telcel-2.jpg\" class=\"attachment-thumbnail size-thumbnail\" alt=\"\" \/><\/a>\n\t\t\t<\/dt><\/dl><dl class='gallery-item'>\n\t\t\t<dt class='gallery-icon landscape'>\n\t\t\t\t<a href='https:\/\/www.upslp.edu.mx\/upslp\/wp-content\/uploads\/2019\/09\/29-ago-Entrega-Becas-Telmex-Telcel-3.jpg'><img loading=\"lazy\" decoding=\"async\" width=\"150\" height=\"113\" src=\"https:\/\/www.upslp.edu.mx\/upslp\/wp-content\/uploads\/2019\/09\/29-ago-Entrega-Becas-Telmex-Telcel-3.jpg\" class=\"attachment-thumbnail size-thumbnail\" alt=\"\" \/><\/a>\n\t\t\t<\/dt><\/dl><br style=\"clear: both\" \/>\n\t\t<\/div>\n\n","protected":false},"excerpt":{"rendered":"<p>Como parte del programa \u201cCorriendo por la Educaci\u00f3n\u201d, la Fundaci\u00f3n Telmex- Telcel hizo entrega [&hellip;]<\/p>\n","protected":false},"author":1,"featured_media":0,"comment_status":"closed","ping_status":"closed","sticky":false,"template":"","format":"standard","meta":{"footnotes":""},"categories":[3],"tags":[],"_links":{"self":[{"href":"https:\/\/www.upslp.edu.mx\/upslp\/index.php?rest_route=\/wp\/v2\/posts\/11114"}],"collection":[{"href":"https:\/\/www.upslp.edu.mx\/upslp\/index.php?rest_route=\/wp\/v2\/posts"}],"about":[{"href":"https:\/\/www.upslp.edu.mx\/upslp\/index.php?rest_route=\/wp\/v2\/types\/post"}],"author":[{"embeddable":true,"href":"https:\/\/www.upslp.edu.mx\/upslp\/index.php?rest_route=\/wp\/v2\/users\/1"}],"replies":[{"embeddable":true,"href":"https:\/\/www.upslp.edu.mx\/upslp\/index.php?rest_route=%2Fwp%2Fv2%2Fcomments&post=11114"}],"version-history":[{"count":2,"href":"https:\/\/www.upslp.edu.mx\/upslp\/index.php?rest_route=\/wp\/v2\/posts\/11114\/revisions"}],"predecessor-version":[{"id":11119,"href":"https:\/\/www.upslp.edu.mx\/upslp\/index.php?rest_route=\/wp\/v2\/posts\/11114\/revisions\/11119"}],"wp:attachment":[{"href":"https:\/\/www.upslp.edu.mx\/upslp\/index.php?rest_route=%2Fwp%2Fv2%2Fmedia&parent=11114"}],"wp:term":[{"taxonomy":"category","embeddable":true,"href":"https:\/\/www.upslp.edu.mx\/upslp\/index.php?rest_route=%2Fwp%2Fv2%2Fcategories&post=11114"},{"taxonomy":"post_tag","embeddable":true,"href":"https:\/\/www.upslp.edu.mx\/upslp\/index.php?rest_route=%2Fwp%2Fv2%2Ftags&post=11114"}],"curies":[{"name":"wp","href":"https:\/\/api.w.org\/{rel}","templated":true}]}}