{"id":13101,"date":"2020-10-26T08:15:07","date_gmt":"2020-10-26T14:15:07","guid":{"rendered":"http:\/\/www.upslp.edu.mx\/upslp\/?p=13101"},"modified":"2020-10-27T08:18:11","modified_gmt":"2020-10-27T14:18:11","slug":"estudiantes-de-la-universidad-politecnica-de-san-luis-potosi-llevan-a-cabo-la-decimo-sexta-semana-de-administracion-y-gestion-enfocada-al-emprendimiento","status":"publish","type":"post","link":"https:\/\/www.upslp.edu.mx\/upslp\/?p=13101","title":{"rendered":"Estudiantes de la Universidad Polit\u00e9cnica de San Luis Potos\u00ed llevan a cabo la D\u00e9cimo Sexta Semana de Administraci\u00f3n y Gesti\u00f3n enfocada al Emprendimiento."},"content":{"rendered":"\n<p>Estudiantes del noveno semestre del Programa Educativo de Licenciado en Administraci\u00f3n y Gesti\u00f3n (LAG) de la Universidad Polit\u00e9cnica de San Luis Potos\u00ed (UPSLP) llevaron a cabo, los d\u00edas 23 y 24 de octubre, la D\u00e9cimo Sexta Semana de Administraci\u00f3n y Gesti\u00f3n. El tema de este a\u00f1o fue \u201cEntrepreneurship: Think. Create. Transform.\u201d, que se desarroll\u00f3 con base en cuatro ejes: Types of entrepreneurship, Corporate identity, Social Entrepreneurship y Lean Startup. El evento se realiz\u00f3 por primera vez en modalidad virtual, a trav\u00e9s de plataforma YouTube, ofreciendo conferencias y diversas actividades. El objetivo fue brindar a los estudiantes el espacio para la aplicaci\u00f3n de las competencias adquiridas a lo largo de su trayectoria acad\u00e9mica y fortalecer su formaci\u00f3n profesional a trav\u00e9s de conferencias impartidas por expertos en diversos temas relevantes para la disciplina, como: comunicaci\u00f3n organizacional, econom\u00eda, mercadotecnia, innovaci\u00f3n, liderazgo, recursos humanos, entre otros.<\/p>\n\n\n\n<p>En la ceremonia de apertura participaron el Dr. Francisco Rafael Rostro Contreras, Vicerrector Acad\u00e9mico de la UPSLP, en representaci\u00f3n del Mtro. Francisco Javier Delgado Rojas, Rector de la UPSLP; Mtro. Igor Le\u00f3n O\u2019Farrill, Director de Administraci\u00f3n y Finanzas; Mtra. Martha Alicia Alonso Casta\u00f1\u00f3n, Coordinadora del Programa Educativo de LAG; Mtra. Gloria Cristina Palos Cerda, profesora de tiempo completo del Programa Educativo de LAG; y Alma Fabiola Fosado Garc\u00eda, L\u00edder del Comit\u00e9 de Finanzas de la D\u00e9cimo Sexta Semana de Administraci\u00f3n y Gesti\u00f3n, en representaci\u00f3n de la d\u00e9cimo sexta Generaci\u00f3n de LAG.<\/p>\n\n\n\n<p>En su mensaje, el Vicerrector Acad\u00e9mico felicit\u00f3 al Comit\u00e9 organizador por su compromiso y entusiasmo para llevar a cabo la D\u00e9cimo Sexta Semana de Administraci\u00f3n y Gesti\u00f3n, que debido a las circunstancias actuales represent\u00f3 un reto. Enfatiz\u00f3 que, en este evento se refuerzan y retoman los conocimientos, aprendizajes y experiencias dentro del aula, que son de beneficio para los estudiantes. Adem\u00e1s, reconoci\u00f3 el trabajo de ponentes, patrocinadores, docentes y estudiantes, mencionando que cada uno de los involucrados contribuy\u00f3 de manera importante para que el evento fuera posible. Por \u00faltimo, destac\u00f3 que la Semana de Administraci\u00f3n y Gesti\u00f3n representa un orgullo para la comunidad de la UPSLP, ya que cada a\u00f1o superan los objetivos y expectativas.<\/p>\n\n\n\n<p>La D\u00e9cimo Sexta Semana de Administraci\u00f3n y Gesti\u00f3n cont\u00f3 con la participaci\u00f3n de ponentes destacados en \u00e1reas de especialidad, que permitieron a los estudiantes de LAG tener una perspectiva de desarrollo profesional. Los conferencistas fueron: Zev Siegl, co-fundador de Starbucks Coffee Company; Christian Meyer, fundador de Lemonmusic y Emotion Experience; y Ophelia Pastrana, economista, conferencista, tecn\u00f3loga y YouTuber.<\/p>\n\n\n\n<p>Asimismo, se llev\u00f3 a cabo un panel de empresarios, en el cual se expusieron los retos que han enfrentado durante la presente contingencia sanitaria. Una de las aportaciones m\u00e1s importantes de este evento, fueron las actividades que se enfocaron en impulsar la interacci\u00f3n entre la comunidad de forma virtual, por medio de preguntas y hashtags, \u00e9stas fueron: \u00bfCu\u00e1l es tu perfil emprendedor?, \u00bfEres path finder o path creator?, Do you know your brands? Y, \u00bfSi conociste?<\/p>\n\n\n\n<p>\u00a1Felicitamos a la D\u00e9cimo Sexta Generaci\u00f3n del Programa Educativo de LAG por el \u00e9xito de la D\u00e9cimo Sexta Semana de Administraci\u00f3n y Gesti\u00f3n!<\/p>\n\n\n\n<figure class=\"wp-block-gallery columns-3 is-cropped wp-block-gallery-1 is-layout-flex wp-block-gallery-is-layout-flex\"><ul class=\"blocks-gallery-grid\"><li class=\"blocks-gallery-item\"><figure><img loading=\"lazy\" decoding=\"async\" width=\"1024\" height=\"576\" src=\"https:\/\/www.upslp.edu.mx\/upslp\/wp-content\/uploads\/2020\/10\/23-oct-Semana-LAG-16-4-1024x576.jpg\" alt=\"\" data-id=\"13102\" data-full-url=\"https:\/\/www.upslp.edu.mx\/upslp\/wp-content\/uploads\/2020\/10\/23-oct-Semana-LAG-16-4.jpg\" data-link=\"https:\/\/www.upslp.edu.mx\/upslp\/?attachment_id=13102\" class=\"wp-image-13102\" srcset=\"https:\/\/www.upslp.edu.mx\/upslp\/wp-content\/uploads\/2020\/10\/23-oct-Semana-LAG-16-4-1024x576.jpg 1024w, https:\/\/www.upslp.edu.mx\/upslp\/wp-content\/uploads\/2020\/10\/23-oct-Semana-LAG-16-4-300x169.jpg 300w, https:\/\/www.upslp.edu.mx\/upslp\/wp-content\/uploads\/2020\/10\/23-oct-Semana-LAG-16-4-768x432.jpg 768w, https:\/\/www.upslp.edu.mx\/upslp\/wp-content\/uploads\/2020\/10\/23-oct-Semana-LAG-16-4.jpg 1358w\" sizes=\"(max-width: 1024px) 100vw, 1024px\" \/><\/figure><\/li><li class=\"blocks-gallery-item\"><figure><img loading=\"lazy\" decoding=\"async\" width=\"1024\" height=\"591\" src=\"https:\/\/www.upslp.edu.mx\/upslp\/wp-content\/uploads\/2020\/10\/23-oct-Semana-LAG-16-5-1024x591.jpg\" alt=\"\" data-id=\"13103\" data-full-url=\"https:\/\/www.upslp.edu.mx\/upslp\/wp-content\/uploads\/2020\/10\/23-oct-Semana-LAG-16-5.jpg\" data-link=\"https:\/\/www.upslp.edu.mx\/upslp\/?attachment_id=13103\" class=\"wp-image-13103\" srcset=\"https:\/\/www.upslp.edu.mx\/upslp\/wp-content\/uploads\/2020\/10\/23-oct-Semana-LAG-16-5-1024x591.jpg 1024w, https:\/\/www.upslp.edu.mx\/upslp\/wp-content\/uploads\/2020\/10\/23-oct-Semana-LAG-16-5-300x173.jpg 300w, https:\/\/www.upslp.edu.mx\/upslp\/wp-content\/uploads\/2020\/10\/23-oct-Semana-LAG-16-5-768x443.jpg 768w, https:\/\/www.upslp.edu.mx\/upslp\/wp-content\/uploads\/2020\/10\/23-oct-Semana-LAG-16-5.jpg 1363w\" sizes=\"(max-width: 1024px) 100vw, 1024px\" \/><\/figure><\/li><li class=\"blocks-gallery-item\"><figure><img loading=\"lazy\" decoding=\"async\" width=\"1024\" height=\"603\" src=\"https:\/\/www.upslp.edu.mx\/upslp\/wp-content\/uploads\/2020\/10\/23-oct-Semana-LAG-16-3-1024x603.jpg\" alt=\"\" data-id=\"13104\" data-full-url=\"https:\/\/www.upslp.edu.mx\/upslp\/wp-content\/uploads\/2020\/10\/23-oct-Semana-LAG-16-3.jpg\" data-link=\"https:\/\/www.upslp.edu.mx\/upslp\/?attachment_id=13104\" class=\"wp-image-13104\" srcset=\"https:\/\/www.upslp.edu.mx\/upslp\/wp-content\/uploads\/2020\/10\/23-oct-Semana-LAG-16-3-1024x603.jpg 1024w, https:\/\/www.upslp.edu.mx\/upslp\/wp-content\/uploads\/2020\/10\/23-oct-Semana-LAG-16-3-300x177.jpg 300w, https:\/\/www.upslp.edu.mx\/upslp\/wp-content\/uploads\/2020\/10\/23-oct-Semana-LAG-16-3-768x452.jpg 768w, https:\/\/www.upslp.edu.mx\/upslp\/wp-content\/uploads\/2020\/10\/23-oct-Semana-LAG-16-3.jpg 1356w\" sizes=\"(max-width: 1024px) 100vw, 1024px\" \/><\/figure><\/li><li class=\"blocks-gallery-item\"><figure><img loading=\"lazy\" decoding=\"async\" width=\"1024\" height=\"577\" src=\"https:\/\/www.upslp.edu.mx\/upslp\/wp-content\/uploads\/2020\/10\/23-oct-Semana-LAG-16-2-1024x577.jpg\" alt=\"\" data-id=\"13105\" data-full-url=\"https:\/\/www.upslp.edu.mx\/upslp\/wp-content\/uploads\/2020\/10\/23-oct-Semana-LAG-16-2.jpg\" data-link=\"https:\/\/www.upslp.edu.mx\/upslp\/?attachment_id=13105\" class=\"wp-image-13105\" srcset=\"https:\/\/www.upslp.edu.mx\/upslp\/wp-content\/uploads\/2020\/10\/23-oct-Semana-LAG-16-2-1024x577.jpg 1024w, https:\/\/www.upslp.edu.mx\/upslp\/wp-content\/uploads\/2020\/10\/23-oct-Semana-LAG-16-2-300x169.jpg 300w, https:\/\/www.upslp.edu.mx\/upslp\/wp-content\/uploads\/2020\/10\/23-oct-Semana-LAG-16-2-768x433.jpg 768w, https:\/\/www.upslp.edu.mx\/upslp\/wp-content\/uploads\/2020\/10\/23-oct-Semana-LAG-16-2.jpg 1358w\" sizes=\"(max-width: 1024px) 100vw, 1024px\" \/><\/figure><\/li><li class=\"blocks-gallery-item\"><figure><img loading=\"lazy\" decoding=\"async\" width=\"1024\" height=\"577\" src=\"https:\/\/www.upslp.edu.mx\/upslp\/wp-content\/uploads\/2020\/10\/23-oct-Semana-LAG-16-1-1024x577.jpg\" alt=\"\" data-id=\"13106\" data-full-url=\"https:\/\/www.upslp.edu.mx\/upslp\/wp-content\/uploads\/2020\/10\/23-oct-Semana-LAG-16-1.jpg\" data-link=\"https:\/\/www.upslp.edu.mx\/upslp\/?attachment_id=13106\" class=\"wp-image-13106\" srcset=\"https:\/\/www.upslp.edu.mx\/upslp\/wp-content\/uploads\/2020\/10\/23-oct-Semana-LAG-16-1-1024x577.jpg 1024w, https:\/\/www.upslp.edu.mx\/upslp\/wp-content\/uploads\/2020\/10\/23-oct-Semana-LAG-16-1-300x169.jpg 300w, https:\/\/www.upslp.edu.mx\/upslp\/wp-content\/uploads\/2020\/10\/23-oct-Semana-LAG-16-1-768x433.jpg 768w, https:\/\/www.upslp.edu.mx\/upslp\/wp-content\/uploads\/2020\/10\/23-oct-Semana-LAG-16-1.jpg 1358w\" sizes=\"(max-width: 1024px) 100vw, 1024px\" \/><\/figure><\/li><\/ul><\/figure>\n","protected":false},"excerpt":{"rendered":"<p>Estudiantes del noveno semestre del Programa Educativo de Licenciado en Administraci\u00f3n y Gesti\u00f3n (LAG) [&hellip;]<\/p>\n","protected":false},"author":1,"featured_media":0,"comment_status":"closed","ping_status":"closed","sticky":false,"template":"","format":"standard","meta":{"footnotes":""},"categories":[3],"tags":[],"_links":{"self":[{"href":"https:\/\/www.upslp.edu.mx\/upslp\/index.php?rest_route=\/wp\/v2\/posts\/13101"}],"collection":[{"href":"https:\/\/www.upslp.edu.mx\/upslp\/index.php?rest_route=\/wp\/v2\/posts"}],"about":[{"href":"https:\/\/www.upslp.edu.mx\/upslp\/index.php?rest_route=\/wp\/v2\/types\/post"}],"author":[{"embeddable":true,"href":"https:\/\/www.upslp.edu.mx\/upslp\/index.php?rest_route=\/wp\/v2\/users\/1"}],"replies":[{"embeddable":true,"href":"https:\/\/www.upslp.edu.mx\/upslp\/index.php?rest_route=%2Fwp%2Fv2%2Fcomments&post=13101"}],"version-history":[{"count":1,"href":"https:\/\/www.upslp.edu.mx\/upslp\/index.php?rest_route=\/wp\/v2\/posts\/13101\/revisions"}],"predecessor-version":[{"id":13107,"href":"https:\/\/www.upslp.edu.mx\/upslp\/index.php?rest_route=\/wp\/v2\/posts\/13101\/revisions\/13107"}],"wp:attachment":[{"href":"https:\/\/www.upslp.edu.mx\/upslp\/index.php?rest_route=%2Fwp%2Fv2%2Fmedia&parent=13101"}],"wp:term":[{"taxonomy":"category","embeddable":true,"href":"https:\/\/www.upslp.edu.mx\/upslp\/index.php?rest_route=%2Fwp%2Fv2%2Fcategories&post=13101"},{"taxonomy":"post_tag","embeddable":true,"href":"https:\/\/www.upslp.edu.mx\/upslp\/index.php?rest_route=%2Fwp%2Fv2%2Ftags&post=13101"}],"curies":[{"name":"wp","href":"https:\/\/api.w.org\/{rel}","templated":true}]}}