{"id":13829,"date":"2021-03-02T17:55:37","date_gmt":"2021-03-02T23:55:37","guid":{"rendered":"http:\/\/www.upslp.edu.mx\/upslp\/?p=13829"},"modified":"2021-03-02T17:55:37","modified_gmt":"2021-03-02T23:55:37","slug":"egresados-de-la-universidad-politecnica-de-san-luis-potosi-participan-en-acto-protocolario-de-titulacion","status":"publish","type":"post","link":"https:\/\/www.upslp.edu.mx\/upslp\/?p=13829","title":{"rendered":"Egresados de la Universidad Polit\u00e9cnica de San Luis Potos\u00ed participan en  Acto Protocolario de Titulaci\u00f3n"},"content":{"rendered":"<p>En un ambiente emotivo y de alegr\u00eda, la Universidad Polit\u00e9cnica de San Luis Potos\u00ed, a trav\u00e9s del Departamento de Servicios Escolares, llev\u00f3 a cabo el Acto Protocolario de Titulaci\u00f3n para egresados de los Programas Educativos de: Ingenier\u00eda en Telem\u00e1tica-Redes y Telecomunicaciones (ITEM-IRTEL), Ingenier\u00eda en Tecnolog\u00edas de la Informaci\u00f3n (ITI), Ingenier\u00eda en Tecnolog\u00edas de Manufactura (ITMA), Ingenier\u00eda en Sistemas y Tecnolog\u00edas Industriales (ISTI), Licenciatura en Administraci\u00f3n y Gesti\u00f3n (LAG) y Licenciatura en Mercadotecnia Internacional (LMI).<\/p>\n<p>La ceremonia se llev\u00f3 a cabo el viernes 26 de febrero, en modalidad virtual, y fue presidida por el Dr. Carlos Adri\u00e1n Arriaga Santos, Coordinador de la Academia de Ciencias, como Presidente del S\u00ednodo y representante de los Programas Educativos de ITMA e ISTI; Dra. Luisa Ren\u00e9e Due\u00f1as Salman, representante del Programa Educativo de LMI; Mtra. Gloria Cristina Palos Cerda, representante del Programa Educativo de LAG; y la Mtra. Liliana G\u00e1mez Zavala, representante de los Programas Educativos de ITEM-IRTEL e ITI.<\/p>\n<p>El acto de recepci\u00f3n profesional es un requisito que debe cumplir un egresado para obtener su t\u00edtulo profesional, tras haber aprobado todas las asignaturas y ser examinado por la UPSLP y organismos externos que han certificado la calidad de la formaci\u00f3n profesional que recibieron. De manera simb\u00f3lica, obtuvieron el reconocimiento como licenciados e ingenieros en sus respectivas \u00e1reas de especialidad.<\/p>\n<p>En su mensaje, las autoridades resaltaron que los egresados forman parte de un grupo \u00e9lite al ejercer su profesi\u00f3n, representando un factor de cambio para la sociedad; por ello, los exhortaron a aplicar sus conocimientos profesionales en beneficio de la misma y a desempe\u00f1arse con \u00e9tica y responsabilidad.<\/p>\n<p>\u00a1La comunidad de la Universidad Polit\u00e9cnica de San Luis Potos\u00ed felicita y desea \u00e9xito a los nuevos profesionistas!<\/p>\n<p>&nbsp;<\/p>\n\n\t\t<style type=\"text\/css\">\n\t\t\t#gallery-1 {\n\t\t\t\tmargin: auto;\n\t\t\t}\n\t\t\t#gallery-1 .gallery-item {\n\t\t\t\tfloat: left;\n\t\t\t\tmargin-top: 10px;\n\t\t\t\ttext-align: center;\n\t\t\t\twidth: 33%;\n\t\t\t}\n\t\t\t#gallery-1 img {\n\t\t\t\tborder: 2px solid #cfcfcf;\n\t\t\t}\n\t\t\t#gallery-1 .gallery-caption {\n\t\t\t\tmargin-left: 0;\n\t\t\t}\n\t\t\t\/* see gallery_shortcode() in wp-includes\/media.php *\/\n\t\t<\/style>\n\t\t<div id='gallery-1' class='gallery galleryid-13829 gallery-columns-3 gallery-size-thumbnail'><dl class='gallery-item'>\n\t\t\t<dt class='gallery-icon landscape'>\n\t\t\t\t<a href='https:\/\/www.upslp.edu.mx\/upslp\/wp-content\/uploads\/2021\/03\/26-feb-Ceremonia-de-Titulacion-5.jpg'><img loading=\"lazy\" decoding=\"async\" width=\"150\" height=\"150\" src=\"https:\/\/www.upslp.edu.mx\/upslp\/wp-content\/uploads\/2021\/03\/26-feb-Ceremonia-de-Titulacion-5-150x150.jpg\" class=\"attachment-thumbnail size-thumbnail\" alt=\"\" \/><\/a>\n\t\t\t<\/dt><\/dl><dl class='gallery-item'>\n\t\t\t<dt class='gallery-icon landscape'>\n\t\t\t\t<a href='https:\/\/www.upslp.edu.mx\/upslp\/wp-content\/uploads\/2021\/03\/26-feb-Ceremonia-de-Titulacion-6.jpg'><img loading=\"lazy\" decoding=\"async\" width=\"150\" height=\"150\" src=\"https:\/\/www.upslp.edu.mx\/upslp\/wp-content\/uploads\/2021\/03\/26-feb-Ceremonia-de-Titulacion-6-150x150.jpg\" class=\"attachment-thumbnail size-thumbnail\" alt=\"\" \/><\/a>\n\t\t\t<\/dt><\/dl><dl class='gallery-item'>\n\t\t\t<dt class='gallery-icon landscape'>\n\t\t\t\t<a href='https:\/\/www.upslp.edu.mx\/upslp\/wp-content\/uploads\/2021\/03\/26-feb-Ceremonia-de-Titulacion-7.jpg'><img loading=\"lazy\" decoding=\"async\" width=\"150\" height=\"150\" src=\"https:\/\/www.upslp.edu.mx\/upslp\/wp-content\/uploads\/2021\/03\/26-feb-Ceremonia-de-Titulacion-7-150x150.jpg\" class=\"attachment-thumbnail size-thumbnail\" alt=\"\" \/><\/a>\n\t\t\t<\/dt><\/dl><br style=\"clear: both\" \/><dl class='gallery-item'>\n\t\t\t<dt class='gallery-icon landscape'>\n\t\t\t\t<a href='https:\/\/www.upslp.edu.mx\/upslp\/wp-content\/uploads\/2021\/03\/26-feb-Ceremonia-de-Titulacion-8.jpg'><img loading=\"lazy\" decoding=\"async\" width=\"150\" height=\"150\" src=\"https:\/\/www.upslp.edu.mx\/upslp\/wp-content\/uploads\/2021\/03\/26-feb-Ceremonia-de-Titulacion-8-150x150.jpg\" class=\"attachment-thumbnail size-thumbnail\" alt=\"\" \/><\/a>\n\t\t\t<\/dt><\/dl><dl class='gallery-item'>\n\t\t\t<dt class='gallery-icon landscape'>\n\t\t\t\t<a href='https:\/\/www.upslp.edu.mx\/upslp\/wp-content\/uploads\/2021\/03\/26-feb-Ceremonia-de-Titulacion-9.jpg'><img loading=\"lazy\" decoding=\"async\" width=\"150\" height=\"150\" src=\"https:\/\/www.upslp.edu.mx\/upslp\/wp-content\/uploads\/2021\/03\/26-feb-Ceremonia-de-Titulacion-9-150x150.jpg\" class=\"attachment-thumbnail size-thumbnail\" alt=\"\" \/><\/a>\n\t\t\t<\/dt><\/dl><dl class='gallery-item'>\n\t\t\t<dt class='gallery-icon landscape'>\n\t\t\t\t<a href='https:\/\/www.upslp.edu.mx\/upslp\/wp-content\/uploads\/2021\/03\/26-feb-Ceremonia-de-Titulacion-10.jpg'><img loading=\"lazy\" decoding=\"async\" width=\"150\" height=\"150\" src=\"https:\/\/www.upslp.edu.mx\/upslp\/wp-content\/uploads\/2021\/03\/26-feb-Ceremonia-de-Titulacion-10-150x150.jpg\" class=\"attachment-thumbnail size-thumbnail\" alt=\"\" \/><\/a>\n\t\t\t<\/dt><\/dl><br style=\"clear: both\" \/>\n\t\t<\/div>\n\n","protected":false},"excerpt":{"rendered":"<p>En un ambiente emotivo y de alegr\u00eda, la Universidad Polit\u00e9cnica de San Luis Potos\u00ed, [&hellip;]<\/p>\n","protected":false},"author":1,"featured_media":0,"comment_status":"closed","ping_status":"closed","sticky":false,"template":"","format":"standard","meta":{"footnotes":""},"categories":[3],"tags":[],"_links":{"self":[{"href":"https:\/\/www.upslp.edu.mx\/upslp\/index.php?rest_route=\/wp\/v2\/posts\/13829"}],"collection":[{"href":"https:\/\/www.upslp.edu.mx\/upslp\/index.php?rest_route=\/wp\/v2\/posts"}],"about":[{"href":"https:\/\/www.upslp.edu.mx\/upslp\/index.php?rest_route=\/wp\/v2\/types\/post"}],"author":[{"embeddable":true,"href":"https:\/\/www.upslp.edu.mx\/upslp\/index.php?rest_route=\/wp\/v2\/users\/1"}],"replies":[{"embeddable":true,"href":"https:\/\/www.upslp.edu.mx\/upslp\/index.php?rest_route=%2Fwp%2Fv2%2Fcomments&post=13829"}],"version-history":[{"count":1,"href":"https:\/\/www.upslp.edu.mx\/upslp\/index.php?rest_route=\/wp\/v2\/posts\/13829\/revisions"}],"predecessor-version":[{"id":13835,"href":"https:\/\/www.upslp.edu.mx\/upslp\/index.php?rest_route=\/wp\/v2\/posts\/13829\/revisions\/13835"}],"wp:attachment":[{"href":"https:\/\/www.upslp.edu.mx\/upslp\/index.php?rest_route=%2Fwp%2Fv2%2Fmedia&parent=13829"}],"wp:term":[{"taxonomy":"category","embeddable":true,"href":"https:\/\/www.upslp.edu.mx\/upslp\/index.php?rest_route=%2Fwp%2Fv2%2Fcategories&post=13829"},{"taxonomy":"post_tag","embeddable":true,"href":"https:\/\/www.upslp.edu.mx\/upslp\/index.php?rest_route=%2Fwp%2Fv2%2Ftags&post=13829"}],"curies":[{"name":"wp","href":"https:\/\/api.w.org\/{rel}","templated":true}]}}