{"id":15003,"date":"2021-10-12T16:48:58","date_gmt":"2021-10-12T21:48:58","guid":{"rendered":"https:\/\/www.upslp.edu.mx\/upslp\/?p=15003"},"modified":"2021-10-12T16:48:58","modified_gmt":"2021-10-12T21:48:58","slug":"egresado-de-la-upslp-imparte-conferencia-sobre-recursos-humanos-a-estudiantes-del-programa-educativo-de-licenciatura-en-administracion-y-gestion-lag","status":"publish","type":"post","link":"https:\/\/www.upslp.edu.mx\/upslp\/?p=15003","title":{"rendered":"Egresado de la UPSLP imparte Conferencia sobre Recursos Humanos a estudiantes del Programa Educativo de Licenciatura en Administraci\u00f3n y Gesti\u00f3n (LAG)."},"content":{"rendered":"<p>Como parte de las actividades del 20 aniversario de la Universidad Polit\u00e9cnica de San Luis Potos\u00ed (UPSLP), el Programa Educativo de Licenciatura en Administraci\u00f3n y Gesti\u00f3n (LAG) organiz\u00f3 la Conferencia \u201cRecursos Humanos, haz que te recuerden\u201d, el jueves 7 de octubre, en modalidad virtual. La conferencia fue impartida por el egresado de LAG, Fernando Bravo Ch\u00e1vez, Gerente de Recursos Humanos en la empresa Minghua de M\u00e9xico.<\/p>\n<p>En la conferencia se trataron temas de relevancia propios del \u00e1rea de Recursos Humanos como: la implementaci\u00f3n de estrategias, el entorno organizacional y los riesgos psicosociales. Adem\u00e1s, el Lic. Fernando Bravo Ch\u00e1vez hizo especial \u00e9nfasis en la importancia de acercarse y conocer al personal con el que se colabora en la empresa, en generar un sentido de pertenencia, as\u00ed como brindarles oportunidades y capacitaci\u00f3n que les permitan desarrollarse en el \u00e1mbito personal y profesional.<\/p>\n<p>El evento fue coordinado por la Mtra. Martha Alicia Alonso Casta\u00f1\u00f3n, Coordinadora del Programa Educativo de LAG y cont\u00f3 con la entusiasta participaci\u00f3n de estudiantes de la UPSLP, quienes mostraron gran inter\u00e9s ante la trayectoria del egresado y los temas que present\u00f3. Al finalizar, se dio un espacio para preguntas, durante el cual el invitado respondi\u00f3 dudas e inquietudes de los participantes y, a su vez, hizo recomendaciones para que en un futuro puedan ser aplicadas en su vida profesional.<\/p>\n<p style=\"text-align: center;\">\u00a1La Universidad Polit\u00e9cnica de San Luis Potos\u00ed agradece la contribuci\u00f3n del LAG Fernando Bravo Ch\u00e1vez en la formaci\u00f3n de las nuevas generaciones de la UPSLP!<\/p>\n<p>&nbsp;<\/p>\n\n\t\t<style type=\"text\/css\">\n\t\t\t#gallery-1 {\n\t\t\t\tmargin: auto;\n\t\t\t}\n\t\t\t#gallery-1 .gallery-item {\n\t\t\t\tfloat: left;\n\t\t\t\tmargin-top: 10px;\n\t\t\t\ttext-align: center;\n\t\t\t\twidth: 25%;\n\t\t\t}\n\t\t\t#gallery-1 img {\n\t\t\t\tborder: 2px solid #cfcfcf;\n\t\t\t}\n\t\t\t#gallery-1 .gallery-caption {\n\t\t\t\tmargin-left: 0;\n\t\t\t}\n\t\t\t\/* see gallery_shortcode() in wp-includes\/media.php *\/\n\t\t<\/style>\n\t\t<div id='gallery-1' class='gallery galleryid-15003 gallery-columns-4 gallery-size-thumbnail'><dl class='gallery-item'>\n\t\t\t<dt class='gallery-icon landscape'>\n\t\t\t\t<a href='https:\/\/www.upslp.edu.mx\/upslp\/wp-content\/uploads\/2021\/10\/7-oct-Conferencia-RH-LAG-1.jpg'><img loading=\"lazy\" decoding=\"async\" width=\"150\" height=\"150\" src=\"https:\/\/www.upslp.edu.mx\/upslp\/wp-content\/uploads\/2021\/10\/7-oct-Conferencia-RH-LAG-1-150x150.jpg\" class=\"attachment-thumbnail size-thumbnail\" alt=\"\" \/><\/a>\n\t\t\t<\/dt><\/dl><dl class='gallery-item'>\n\t\t\t<dt class='gallery-icon landscape'>\n\t\t\t\t<a href='https:\/\/www.upslp.edu.mx\/upslp\/wp-content\/uploads\/2021\/10\/7-oct-Conferencia-RH-LAG-2.jpg'><img loading=\"lazy\" decoding=\"async\" width=\"150\" height=\"150\" src=\"https:\/\/www.upslp.edu.mx\/upslp\/wp-content\/uploads\/2021\/10\/7-oct-Conferencia-RH-LAG-2-150x150.jpg\" class=\"attachment-thumbnail size-thumbnail\" alt=\"\" \/><\/a>\n\t\t\t<\/dt><\/dl><dl class='gallery-item'>\n\t\t\t<dt class='gallery-icon landscape'>\n\t\t\t\t<a href='https:\/\/www.upslp.edu.mx\/upslp\/wp-content\/uploads\/2021\/10\/7-oct-Conferencia-RH-LAG-3.jpg'><img loading=\"lazy\" decoding=\"async\" width=\"150\" height=\"150\" src=\"https:\/\/www.upslp.edu.mx\/upslp\/wp-content\/uploads\/2021\/10\/7-oct-Conferencia-RH-LAG-3-150x150.jpg\" class=\"attachment-thumbnail size-thumbnail\" alt=\"\" \/><\/a>\n\t\t\t<\/dt><\/dl><dl class='gallery-item'>\n\t\t\t<dt class='gallery-icon landscape'>\n\t\t\t\t<a href='https:\/\/www.upslp.edu.mx\/upslp\/wp-content\/uploads\/2021\/10\/7-oct-Conferencia-RH-LAG-4.jpg'><img loading=\"lazy\" decoding=\"async\" width=\"150\" height=\"150\" src=\"https:\/\/www.upslp.edu.mx\/upslp\/wp-content\/uploads\/2021\/10\/7-oct-Conferencia-RH-LAG-4-150x150.jpg\" class=\"attachment-thumbnail size-thumbnail\" alt=\"\" \/><\/a>\n\t\t\t<\/dt><\/dl><br style=\"clear: both\" \/>\n\t\t<\/div>\n\n","protected":false},"excerpt":{"rendered":"<p>Como parte de las actividades del 20 aniversario de la Universidad Polit\u00e9cnica de San [&hellip;]<\/p>\n","protected":false},"author":1,"featured_media":0,"comment_status":"closed","ping_status":"closed","sticky":false,"template":"","format":"standard","meta":{"footnotes":""},"categories":[3],"tags":[],"_links":{"self":[{"href":"https:\/\/www.upslp.edu.mx\/upslp\/index.php?rest_route=\/wp\/v2\/posts\/15003"}],"collection":[{"href":"https:\/\/www.upslp.edu.mx\/upslp\/index.php?rest_route=\/wp\/v2\/posts"}],"about":[{"href":"https:\/\/www.upslp.edu.mx\/upslp\/index.php?rest_route=\/wp\/v2\/types\/post"}],"author":[{"embeddable":true,"href":"https:\/\/www.upslp.edu.mx\/upslp\/index.php?rest_route=\/wp\/v2\/users\/1"}],"replies":[{"embeddable":true,"href":"https:\/\/www.upslp.edu.mx\/upslp\/index.php?rest_route=%2Fwp%2Fv2%2Fcomments&post=15003"}],"version-history":[{"count":1,"href":"https:\/\/www.upslp.edu.mx\/upslp\/index.php?rest_route=\/wp\/v2\/posts\/15003\/revisions"}],"predecessor-version":[{"id":15008,"href":"https:\/\/www.upslp.edu.mx\/upslp\/index.php?rest_route=\/wp\/v2\/posts\/15003\/revisions\/15008"}],"wp:attachment":[{"href":"https:\/\/www.upslp.edu.mx\/upslp\/index.php?rest_route=%2Fwp%2Fv2%2Fmedia&parent=15003"}],"wp:term":[{"taxonomy":"category","embeddable":true,"href":"https:\/\/www.upslp.edu.mx\/upslp\/index.php?rest_route=%2Fwp%2Fv2%2Fcategories&post=15003"},{"taxonomy":"post_tag","embeddable":true,"href":"https:\/\/www.upslp.edu.mx\/upslp\/index.php?rest_route=%2Fwp%2Fv2%2Ftags&post=15003"}],"curies":[{"name":"wp","href":"https:\/\/api.w.org\/{rel}","templated":true}]}}