{"id":15281,"date":"2021-11-22T11:26:32","date_gmt":"2021-11-22T17:26:32","guid":{"rendered":"https:\/\/www.upslp.edu.mx\/upslp\/?p=15281"},"modified":"2021-11-23T11:27:43","modified_gmt":"2021-11-23T17:27:43","slug":"la-universidad-politecnica-de-san-luis-potosi-fomenta-el-pensamiento-critico-en-su-comunidad-universitaria","status":"publish","type":"post","link":"https:\/\/www.upslp.edu.mx\/upslp\/?p=15281","title":{"rendered":"La Universidad Polit\u00e9cnica de San Luis Potos\u00ed fomenta el pensamiento cr\u00edtico en su comunidad universitaria."},"content":{"rendered":"<p>Con la intenci\u00f3n de fomentar el pensamiento cr\u00edtico, la Universidad Polit\u00e9cnica de San Luis Potos\u00ed (UPSLP), a trav\u00e9s de la Academia de N\u00facleo General, llev\u00f3 a cabo la edici\u00f3n 2021 del Concurso de Ensayo con el tema \u201c20 a\u00f1os de la Universidad\u201d, el cual cont\u00f3 con la participaci\u00f3n de la comunidad universitaria de la UPSLP.<\/p>\n<p>Para la evaluaci\u00f3n de los trabajos se tom\u00f3 en consideraci\u00f3n que los trabajos cumplieran con los siguientes elementos: una estructura definida (Introducci\u00f3n, Desarrollo y Conclusi\u00f3n) y composici\u00f3n original e in\u00e9dita, siguiendo los lineamientos del formato APA 7\u00ba edici\u00f3n, esto con la finalidad de lograr unificar, facilitar y precisar la informaci\u00f3n.<\/p>\n<p>Los ensayos se recibieron en la semana del 1\u00ba al 10 de noviembre a trav\u00e9s del correo electr\u00f3nico institucional; y el jurado estuvo integrado por profesores de la Academia de N\u00facleo General y profesores invitados.<\/p>\n<p>El primer lugar correspondi\u00f3 a Silvia Rodr\u00edguez Meade, del primer semestre del Programa Educativo de Licenciatura en Administraci\u00f3n y Gesti\u00f3n (LAG). La acreedora al segundo lugar fue Lourdes Andrea Romero Galaviz, quien, de igual manera, cursa el primer semestre del Programa Educativo de LAG. El tercer lugar correspondi\u00f3 a Andr\u00e9s Gerardo Garc\u00eda Escare\u00f1o, del primer semestre del Programa Educativo de Ingenier\u00eda en Tecnolog\u00edas de Manufactura (ITMA).<\/p>\n<p>La premiaci\u00f3n se llev\u00f3 a cabo el d\u00eda 19 de noviembre, durante las actividades de \u201cLa Semana de la Academia de N\u00facleo\u202fGeneral\u201d, en presencia del Mtro. Francisco Javier Delgado Rojas, Rector de la UPSLP; Dr. Francisco Rafael Rostro Contreras, Vicerrector Acad\u00e9mico, la Mtra. Guadalupe del Socorro Palmer de los Santos, responsable de la Academia de N\u00facleo General, as\u00ed como de profesores de esta academia que apoyaron a los estudiantes.<\/p>\n<p style=\"text-align: center;\">\u00a1La Universidad Polit\u00e9cnica de San Luis Potos\u00ed felicita a los ganadores y reconoce el entusiasmo de la comunidad universitaria para participar en estas actividades que fortalecen su formaci\u00f3n integral!<\/p>\n<p>&nbsp;<\/p>\n\n\t\t<style type=\"text\/css\">\n\t\t\t#gallery-1 {\n\t\t\t\tmargin: auto;\n\t\t\t}\n\t\t\t#gallery-1 .gallery-item {\n\t\t\t\tfloat: left;\n\t\t\t\tmargin-top: 10px;\n\t\t\t\ttext-align: center;\n\t\t\t\twidth: 50%;\n\t\t\t}\n\t\t\t#gallery-1 img {\n\t\t\t\tborder: 2px solid #cfcfcf;\n\t\t\t}\n\t\t\t#gallery-1 .gallery-caption {\n\t\t\t\tmargin-left: 0;\n\t\t\t}\n\t\t\t\/* see gallery_shortcode() in wp-includes\/media.php *\/\n\t\t<\/style>\n\t\t<div id='gallery-1' class='gallery galleryid-15281 gallery-columns-2 gallery-size-thumbnail'><dl class='gallery-item'>\n\t\t\t<dt class='gallery-icon landscape'>\n\t\t\t\t<a href='https:\/\/www.upslp.edu.mx\/upslp\/wp-content\/uploads\/2021\/11\/Concurso-de-Ensayo-1.jpg'><img loading=\"lazy\" decoding=\"async\" width=\"150\" height=\"150\" src=\"https:\/\/www.upslp.edu.mx\/upslp\/wp-content\/uploads\/2021\/11\/Concurso-de-Ensayo-1-150x150.jpg\" class=\"attachment-thumbnail size-thumbnail\" alt=\"\" \/><\/a>\n\t\t\t<\/dt><\/dl><dl class='gallery-item'>\n\t\t\t<dt class='gallery-icon landscape'>\n\t\t\t\t<a href='https:\/\/www.upslp.edu.mx\/upslp\/wp-content\/uploads\/2021\/11\/Concurso-de-Ensayo-2.jpg'><img loading=\"lazy\" decoding=\"async\" width=\"150\" height=\"150\" src=\"https:\/\/www.upslp.edu.mx\/upslp\/wp-content\/uploads\/2021\/11\/Concurso-de-Ensayo-2-150x150.jpg\" class=\"attachment-thumbnail size-thumbnail\" alt=\"\" \/><\/a>\n\t\t\t<\/dt><\/dl><br style=\"clear: both\" \/>\n\t\t<\/div>\n\n","protected":false},"excerpt":{"rendered":"<p>Con la intenci\u00f3n de fomentar el pensamiento cr\u00edtico, la Universidad Polit\u00e9cnica de San Luis [&hellip;]<\/p>\n","protected":false},"author":1,"featured_media":0,"comment_status":"closed","ping_status":"closed","sticky":false,"template":"","format":"standard","meta":{"footnotes":""},"categories":[3],"tags":[],"_links":{"self":[{"href":"https:\/\/www.upslp.edu.mx\/upslp\/index.php?rest_route=\/wp\/v2\/posts\/15281"}],"collection":[{"href":"https:\/\/www.upslp.edu.mx\/upslp\/index.php?rest_route=\/wp\/v2\/posts"}],"about":[{"href":"https:\/\/www.upslp.edu.mx\/upslp\/index.php?rest_route=\/wp\/v2\/types\/post"}],"author":[{"embeddable":true,"href":"https:\/\/www.upslp.edu.mx\/upslp\/index.php?rest_route=\/wp\/v2\/users\/1"}],"replies":[{"embeddable":true,"href":"https:\/\/www.upslp.edu.mx\/upslp\/index.php?rest_route=%2Fwp%2Fv2%2Fcomments&post=15281"}],"version-history":[{"count":1,"href":"https:\/\/www.upslp.edu.mx\/upslp\/index.php?rest_route=\/wp\/v2\/posts\/15281\/revisions"}],"predecessor-version":[{"id":15282,"href":"https:\/\/www.upslp.edu.mx\/upslp\/index.php?rest_route=\/wp\/v2\/posts\/15281\/revisions\/15282"}],"wp:attachment":[{"href":"https:\/\/www.upslp.edu.mx\/upslp\/index.php?rest_route=%2Fwp%2Fv2%2Fmedia&parent=15281"}],"wp:term":[{"taxonomy":"category","embeddable":true,"href":"https:\/\/www.upslp.edu.mx\/upslp\/index.php?rest_route=%2Fwp%2Fv2%2Fcategories&post=15281"},{"taxonomy":"post_tag","embeddable":true,"href":"https:\/\/www.upslp.edu.mx\/upslp\/index.php?rest_route=%2Fwp%2Fv2%2Ftags&post=15281"}],"curies":[{"name":"wp","href":"https:\/\/api.w.org\/{rel}","templated":true}]}}