{"id":16291,"date":"2022-06-14T12:15:33","date_gmt":"2022-06-14T17:15:33","guid":{"rendered":"https:\/\/www.upslp.edu.mx\/upslp\/?p=16291"},"modified":"2022-06-17T12:17:23","modified_gmt":"2022-06-17T17:17:23","slug":"inician-las-actividades-del-24-verano-de-la-ciencia-de-la-region-centro-en-la-universidad-politecnica-de-san-luis-potosi","status":"publish","type":"post","link":"https:\/\/www.upslp.edu.mx\/upslp\/?p=16291","title":{"rendered":"Inician las actividades del 24\u00b0 Verano de la Ciencia de la Regi\u00f3n Centro  en la Universidad Polit\u00e9cnica de San Luis Potos\u00ed."},"content":{"rendered":"<p>La Universidad Polit\u00e9cnica de San Luis Potos\u00ed (UPSLP), a trav\u00e9s de la Academia de Ciencias, dio inicio el lunes 13 de junio, al 24\u00b0 Verano de la Ciencia de la Regi\u00f3n Centro, en el cual los estudiantes que participan realizar\u00e1n una estancia de investigaci\u00f3n, del 13 de junio al 15 de julio; asimismo, se contar\u00e1 con la asistencia de los estudiantes del Programa del Verano de la Investigaci\u00f3n Cient\u00edfica y Tecnol\u00f3gica del Pac\u00edfico, en su XXVII Edici\u00f3n, conocido como Programa Delf\u00edn.<\/p>\n<p>En esta ocasi\u00f3n, las actividades se llevar\u00e1n de manera virtual, presencial e h\u00edbrida.<\/p>\n<p>La ceremonia de inauguraci\u00f3n estuvo presidida por el Mtro. Francisco Javier Delgado Rojas, Rector de la UPSLP; Dr. Francisco Rafael Rostro Contreras, Vicerrector Acad\u00e9mico; Mtro. Igor Le\u00f3n O&#8217;Farrill, Director de Administraci\u00f3n y Finanzas; y Dr. Carlos Adri\u00e1n Arriaga Santos, Coordinador de la Academia de Ciencias. En su mensaje, el Mtro. Francisco Javier Delgado Rojas felicit\u00f3 a los estudiantes por su participaci\u00f3n en estos programas que los acercan a la actividad de investigaci\u00f3n cient\u00edfica, que es indispensable para el pa\u00eds y que contribuyen a su formaci\u00f3n profesional.<\/p>\n<p>El Verano de la Ciencia tiene como objetivo propiciar la interacci\u00f3n entre los j\u00f3venes de licenciatura de la regi\u00f3n, con vocaci\u00f3n en la ciencia, la tecnolog\u00eda y la innovaci\u00f3n, e investigadores activos en las instituciones de educaci\u00f3n superior y de los institutos cient\u00edficos participantes; adem\u00e1s, impulsa el involucramiento e inter\u00e9s de los estudiantes en la investigaci\u00f3n cient\u00edfica y en el gusto por las ciencias, cuyo resultado posterior sea su incorporaci\u00f3n a un posgrado. La caracter\u00edstica m\u00e1s importante de este programa es el encuentro, durante cinco semanas, de un joven con vocaci\u00f3n cient\u00edfica y un investigador de carrera en activo, con lo cual los estudiantes tienen la oportunidad de participar en proyectos de investigaci\u00f3n en las diferentes \u00e1reas del conocimiento.<\/p>\n<p>Por parte de la UPSLP, los profesores-investigadores que estar\u00e1n participando con diferentes proyectos de investigaci\u00f3n son: Mtra. Martha Alicia Alonso Casta\u00f1\u00f3n, Mtra. X\u00f3chitl Hern\u00e1ndez Vel\u00e1zquez, Dra. Gloria Cristina Palos Cerda, Dr. Juan Carlos Neri Guzm\u00e1n, Dra. Luisa Rene\u00e9 Due\u00f1as Salm\u00e1n, Dra. M\u00f3nica Marcela Zald\u00edvar Mu\u00f1oz, Mtra. Guadalupe del Socorro Palmer de los Santos y Mtro. Juan Carlos Portales Rodr\u00edguez. Asimismo, participar\u00e1n trece estudiantes que cursan los Programas Educativos de Ingenier\u00eda en Sistemas y Tecnolog\u00edas Industriales (ISTI), Ingenier\u00eda en Tecnolog\u00edas de Manufactura (ITMA), Licenciatura en Administraci\u00f3n y Gesti\u00f3n (LAG) y Licenciatura en Mercadotecnia Internacional (LMI); ocho estudiantes realizar\u00e1n su estancia en la UPSLP y cinco estudiantes la llevar\u00e1n a cabo en las siguientes instituciones: Arkansas State University Campus Quer\u00e9taro, Universidad Aut\u00f3noma de Quer\u00e9taro, Universidad Aut\u00f3noma de Coahuila &#8211; Facultad de Administraci\u00f3n Fiscal y Financiera, Universidad Aut\u00f3noma de Aguascalientes &#8211; Centro de Ciencias Empresariales e Instituto Tecnol\u00f3gico Superior de Monclova \u2013 TECNM, Campus Monclova.<\/p>\n<p>Adem\u00e1s, la UPSLP estar\u00e1 recibiendo a estudiantes for\u00e1neos de las siguientes instituciones: Universidad Aut\u00f3noma de Aguascalientes &#8211; Centro de Ciencias Econ\u00f3micas y Administrativas, Instituto Tecnol\u00f3gico Superior del sur de Guanajuato y Escuela Nacional de Estudios Superiores UNAM, Unidad Le\u00f3n; y, por parte del Programa Delf\u00edn, participar\u00e1n tres estudiantes de Universidad Aut\u00f3noma de Guerrero e Instituto Tecnol\u00f3gico de Tepic.<\/p>\n<p style=\"text-align: center;\">\u00a1La Universidad Polit\u00e9cnica de San Luis Potos\u00ed reconoce y felicita a los estudiantes por su participaci\u00f3n en el Verano de la Ciencia, dese\u00e1ndoles \u00e9xito en sus proyectos de investigaci\u00f3n!<\/p>\n<p>&nbsp;<\/p>\n\n\t\t<style type=\"text\/css\">\n\t\t\t#gallery-1 {\n\t\t\t\tmargin: auto;\n\t\t\t}\n\t\t\t#gallery-1 .gallery-item {\n\t\t\t\tfloat: left;\n\t\t\t\tmargin-top: 10px;\n\t\t\t\ttext-align: center;\n\t\t\t\twidth: 33%;\n\t\t\t}\n\t\t\t#gallery-1 img {\n\t\t\t\tborder: 2px solid #cfcfcf;\n\t\t\t}\n\t\t\t#gallery-1 .gallery-caption {\n\t\t\t\tmargin-left: 0;\n\t\t\t}\n\t\t\t\/* see gallery_shortcode() in wp-includes\/media.php *\/\n\t\t<\/style>\n\t\t<div id='gallery-1' class='gallery galleryid-16291 gallery-columns-3 gallery-size-thumbnail'><dl class='gallery-item'>\n\t\t\t<dt class='gallery-icon landscape'>\n\t\t\t\t<a href='https:\/\/www.upslp.edu.mx\/upslp\/wp-content\/uploads\/2022\/06\/13-jun-Inauguracion-24-Verano-de-la-Ciencia-5.jpg'><img loading=\"lazy\" decoding=\"async\" width=\"150\" height=\"150\" src=\"https:\/\/www.upslp.edu.mx\/upslp\/wp-content\/uploads\/2022\/06\/13-jun-Inauguracion-24-Verano-de-la-Ciencia-5-150x150.jpg\" class=\"attachment-thumbnail size-thumbnail\" alt=\"\" \/><\/a>\n\t\t\t<\/dt><\/dl><dl class='gallery-item'>\n\t\t\t<dt class='gallery-icon landscape'>\n\t\t\t\t<a href='https:\/\/www.upslp.edu.mx\/upslp\/wp-content\/uploads\/2022\/06\/13-jun-Inauguracin-Verano-de-la-Ciencia-1.jpg'><img loading=\"lazy\" decoding=\"async\" width=\"150\" height=\"150\" src=\"https:\/\/www.upslp.edu.mx\/upslp\/wp-content\/uploads\/2022\/06\/13-jun-Inauguracin-Verano-de-la-Ciencia-1-150x150.jpg\" class=\"attachment-thumbnail size-thumbnail\" alt=\"\" \/><\/a>\n\t\t\t<\/dt><\/dl><dl class='gallery-item'>\n\t\t\t<dt class='gallery-icon landscape'>\n\t\t\t\t<a href='https:\/\/www.upslp.edu.mx\/upslp\/wp-content\/uploads\/2022\/06\/13-jun-Inauguracin-Verano-de-la-Ciencia-2.jpg'><img loading=\"lazy\" decoding=\"async\" width=\"150\" height=\"150\" src=\"https:\/\/www.upslp.edu.mx\/upslp\/wp-content\/uploads\/2022\/06\/13-jun-Inauguracin-Verano-de-la-Ciencia-2-150x150.jpg\" class=\"attachment-thumbnail size-thumbnail\" alt=\"\" \/><\/a>\n\t\t\t<\/dt><\/dl><br style=\"clear: both\" \/><dl class='gallery-item'>\n\t\t\t<dt class='gallery-icon landscape'>\n\t\t\t\t<a href='https:\/\/www.upslp.edu.mx\/upslp\/wp-content\/uploads\/2022\/06\/13-jun-Inauguracin-Verano-de-la-Ciencia-3.jpg'><img loading=\"lazy\" decoding=\"async\" width=\"150\" height=\"150\" src=\"https:\/\/www.upslp.edu.mx\/upslp\/wp-content\/uploads\/2022\/06\/13-jun-Inauguracin-Verano-de-la-Ciencia-3-150x150.jpg\" class=\"attachment-thumbnail size-thumbnail\" alt=\"\" \/><\/a>\n\t\t\t<\/dt><\/dl><dl class='gallery-item'>\n\t\t\t<dt class='gallery-icon landscape'>\n\t\t\t\t<a href='https:\/\/www.upslp.edu.mx\/upslp\/wp-content\/uploads\/2022\/06\/13-jun-Inauguracin-Verano-de-la-Ciencia-4.jpg'><img loading=\"lazy\" decoding=\"async\" width=\"150\" height=\"150\" src=\"https:\/\/www.upslp.edu.mx\/upslp\/wp-content\/uploads\/2022\/06\/13-jun-Inauguracin-Verano-de-la-Ciencia-4-150x150.jpg\" class=\"attachment-thumbnail size-thumbnail\" alt=\"\" \/><\/a>\n\t\t\t<\/dt><\/dl><dl class='gallery-item'>\n\t\t\t<dt class='gallery-icon landscape'>\n\t\t\t\t<a href='https:\/\/www.upslp.edu.mx\/upslp\/wp-content\/uploads\/2022\/06\/13-jun-Inauguracin-Verano-de-la-Ciencia-7.jpg'><img loading=\"lazy\" decoding=\"async\" width=\"150\" height=\"150\" src=\"https:\/\/www.upslp.edu.mx\/upslp\/wp-content\/uploads\/2022\/06\/13-jun-Inauguracin-Verano-de-la-Ciencia-7-150x150.jpg\" class=\"attachment-thumbnail size-thumbnail\" alt=\"\" \/><\/a>\n\t\t\t<\/dt><\/dl><br style=\"clear: both\" \/>\n\t\t<\/div>\n\n","protected":false},"excerpt":{"rendered":"<p>La Universidad Polit\u00e9cnica de San Luis Potos\u00ed (UPSLP), a trav\u00e9s de la Academia de [&hellip;]<\/p>\n","protected":false},"author":1,"featured_media":0,"comment_status":"closed","ping_status":"closed","sticky":false,"template":"","format":"standard","meta":{"footnotes":""},"categories":[3],"tags":[],"_links":{"self":[{"href":"https:\/\/www.upslp.edu.mx\/upslp\/index.php?rest_route=\/wp\/v2\/posts\/16291"}],"collection":[{"href":"https:\/\/www.upslp.edu.mx\/upslp\/index.php?rest_route=\/wp\/v2\/posts"}],"about":[{"href":"https:\/\/www.upslp.edu.mx\/upslp\/index.php?rest_route=\/wp\/v2\/types\/post"}],"author":[{"embeddable":true,"href":"https:\/\/www.upslp.edu.mx\/upslp\/index.php?rest_route=\/wp\/v2\/users\/1"}],"replies":[{"embeddable":true,"href":"https:\/\/www.upslp.edu.mx\/upslp\/index.php?rest_route=%2Fwp%2Fv2%2Fcomments&post=16291"}],"version-history":[{"count":1,"href":"https:\/\/www.upslp.edu.mx\/upslp\/index.php?rest_route=\/wp\/v2\/posts\/16291\/revisions"}],"predecessor-version":[{"id":16296,"href":"https:\/\/www.upslp.edu.mx\/upslp\/index.php?rest_route=\/wp\/v2\/posts\/16291\/revisions\/16296"}],"wp:attachment":[{"href":"https:\/\/www.upslp.edu.mx\/upslp\/index.php?rest_route=%2Fwp%2Fv2%2Fmedia&parent=16291"}],"wp:term":[{"taxonomy":"category","embeddable":true,"href":"https:\/\/www.upslp.edu.mx\/upslp\/index.php?rest_route=%2Fwp%2Fv2%2Fcategories&post=16291"},{"taxonomy":"post_tag","embeddable":true,"href":"https:\/\/www.upslp.edu.mx\/upslp\/index.php?rest_route=%2Fwp%2Fv2%2Ftags&post=16291"}],"curies":[{"name":"wp","href":"https:\/\/api.w.org\/{rel}","templated":true}]}}