{"id":22579,"date":"2026-03-09T10:47:03","date_gmt":"2026-03-09T16:47:03","guid":{"rendered":"https:\/\/www.upslp.edu.mx\/upslp\/?p=22579"},"modified":"2026-03-09T10:47:03","modified_gmt":"2026-03-09T16:47:03","slug":"cinco-talentos-de-la-upslp-clasifican-al-mundial-de-karate-2026","status":"publish","type":"post","link":"https:\/\/www.upslp.edu.mx\/upslp\/?p=22579","title":{"rendered":"Cinco talentos de la UPSLP clasifican al Mundial de Karate 2026"},"content":{"rendered":"<p><em>Estudiantes representar\u00e1n a M\u00e9xico en Rumania tras destacar en el selectivo nacional<\/em><\/p>\n<p>La Universidad Polit\u00e9cnica de San Luis Potos\u00ed celebra el logro deportivo de cinco de sus estudiantes, quienes han asegurado su clasificaci\u00f3n al WUKF Karate Championship 2026, que se llevar\u00e1 a cabo en Cluj-Napoca, Rumania, consolidando el talento universitario potosino en la escena internacional del karate.<\/p>\n<p>Durante el selectivo nacional organizado por la Federaci\u00f3n Nacional Mexicana de Karate y Artes Marciales Japonesas, realizado del 6 al 8 de marzo en Monterrey, Nuevo Le\u00f3n, destac\u00f3 la actuaci\u00f3n de Ashley Belmontes, actual campeona del mundo, quien obtuvo el primer lugar en su categor\u00eda, reafirmando su nivel competitivo y asegurando nuevamente su presencia en la justa mundialista.<\/p>\n<p>A este logro se sum\u00f3 Luis Antonio Villase\u00f1or, quien tambi\u00e9n consigui\u00f3 el primer lugar en su categor\u00eda. Asimismo, Ana Sof\u00eda Camacho obtuvo el tercer lugar individual, mientras que Marco Emilio Cuellar y Antonio Hern\u00e1ndez lograron el segundo lugar en la modalidad por equipos, resultados que les permitieron sellar su clasificaci\u00f3n al campeonato mundial.<\/p>\n<p>Estos resultados reflejan el fortalecimiento del deporte universitario en San Luis Potos\u00ed gracias al apoyo del Gobernador Ricardo Gallardo Cardona y el compromiso institucional con la formaci\u00f3n integral de sus estudiantes. La comunidad de la UPSLP reconoce el esfuerzo, disciplina y talento de sus representantes, quienes llevar\u00e1n con orgullo el nombre de la universidad y de M\u00e9xico al escenario internacional del karate.<\/p>\n<p>&nbsp;<\/p>\n\n\t\t<style type=\"text\/css\">\n\t\t\t#gallery-1 {\n\t\t\t\tmargin: auto;\n\t\t\t}\n\t\t\t#gallery-1 .gallery-item {\n\t\t\t\tfloat: left;\n\t\t\t\tmargin-top: 10px;\n\t\t\t\ttext-align: center;\n\t\t\t\twidth: 33%;\n\t\t\t}\n\t\t\t#gallery-1 img {\n\t\t\t\tborder: 2px solid #cfcfcf;\n\t\t\t}\n\t\t\t#gallery-1 .gallery-caption {\n\t\t\t\tmargin-left: 0;\n\t\t\t}\n\t\t\t\/* see gallery_shortcode() in wp-includes\/media.php *\/\n\t\t<\/style>\n\t\t<div id='gallery-1' class='gallery galleryid-22579 gallery-columns-3 gallery-size-thumbnail'><dl class='gallery-item'>\n\t\t\t<dt class='gallery-icon landscape'>\n\t\t\t\t<a href='https:\/\/www.upslp.edu.mx\/upslp\/wp-content\/uploads\/2026\/03\/Atletas-Clasificados-Ashley-2.jpeg'><img loading=\"lazy\" decoding=\"async\" width=\"150\" height=\"150\" src=\"https:\/\/www.upslp.edu.mx\/upslp\/wp-content\/uploads\/2026\/03\/Atletas-Clasificados-Ashley-2-150x150.jpeg\" class=\"attachment-thumbnail size-thumbnail\" alt=\"\" srcset=\"https:\/\/www.upslp.edu.mx\/upslp\/wp-content\/uploads\/2026\/03\/Atletas-Clasificados-Ashley-2-150x150.jpeg 150w, https:\/\/www.upslp.edu.mx\/upslp\/wp-content\/uploads\/2026\/03\/Atletas-Clasificados-Ashley-2-300x300.jpeg 300w, https:\/\/www.upslp.edu.mx\/upslp\/wp-content\/uploads\/2026\/03\/Atletas-Clasificados-Ashley-2-1024x1024.jpeg 1024w, https:\/\/www.upslp.edu.mx\/upslp\/wp-content\/uploads\/2026\/03\/Atletas-Clasificados-Ashley-2-768x768.jpeg 768w, https:\/\/www.upslp.edu.mx\/upslp\/wp-content\/uploads\/2026\/03\/Atletas-Clasificados-Ashley-2.jpeg 1280w\" sizes=\"(max-width: 150px) 100vw, 150px\" \/><\/a>\n\t\t\t<\/dt><\/dl><dl class='gallery-item'>\n\t\t\t<dt class='gallery-icon portrait'>\n\t\t\t\t<a href='https:\/\/www.upslp.edu.mx\/upslp\/wp-content\/uploads\/2026\/03\/Atletas-Clasifican-1.jpeg'><img loading=\"lazy\" decoding=\"async\" width=\"150\" height=\"150\" src=\"https:\/\/www.upslp.edu.mx\/upslp\/wp-content\/uploads\/2026\/03\/Atletas-Clasifican-1-150x150.jpeg\" class=\"attachment-thumbnail size-thumbnail\" alt=\"\" \/><\/a>\n\t\t\t<\/dt><\/dl><dl class='gallery-item'>\n\t\t\t<dt class='gallery-icon portrait'>\n\t\t\t\t<a href='https:\/\/www.upslp.edu.mx\/upslp\/wp-content\/uploads\/2026\/03\/Atletas-Clasifican-2.jpeg'><img loading=\"lazy\" decoding=\"async\" width=\"150\" height=\"150\" src=\"https:\/\/www.upslp.edu.mx\/upslp\/wp-content\/uploads\/2026\/03\/Atletas-Clasifican-2-150x150.jpeg\" class=\"attachment-thumbnail size-thumbnail\" alt=\"\" \/><\/a>\n\t\t\t<\/dt><\/dl><br style=\"clear: both\" \/>\n\t\t<\/div>\n\n","protected":false},"excerpt":{"rendered":"<p>Estudiantes representar\u00e1n a M\u00e9xico en Rumania tras destacar en el selectivo nacional La Universidad [&hellip;]<\/p>\n","protected":false},"author":1,"featured_media":0,"comment_status":"closed","ping_status":"closed","sticky":false,"template":"","format":"standard","meta":{"footnotes":""},"categories":[3],"tags":[],"_links":{"self":[{"href":"https:\/\/www.upslp.edu.mx\/upslp\/index.php?rest_route=\/wp\/v2\/posts\/22579"}],"collection":[{"href":"https:\/\/www.upslp.edu.mx\/upslp\/index.php?rest_route=\/wp\/v2\/posts"}],"about":[{"href":"https:\/\/www.upslp.edu.mx\/upslp\/index.php?rest_route=\/wp\/v2\/types\/post"}],"author":[{"embeddable":true,"href":"https:\/\/www.upslp.edu.mx\/upslp\/index.php?rest_route=\/wp\/v2\/users\/1"}],"replies":[{"embeddable":true,"href":"https:\/\/www.upslp.edu.mx\/upslp\/index.php?rest_route=%2Fwp%2Fv2%2Fcomments&post=22579"}],"version-history":[{"count":1,"href":"https:\/\/www.upslp.edu.mx\/upslp\/index.php?rest_route=\/wp\/v2\/posts\/22579\/revisions"}],"predecessor-version":[{"id":22582,"href":"https:\/\/www.upslp.edu.mx\/upslp\/index.php?rest_route=\/wp\/v2\/posts\/22579\/revisions\/22582"}],"wp:attachment":[{"href":"https:\/\/www.upslp.edu.mx\/upslp\/index.php?rest_route=%2Fwp%2Fv2%2Fmedia&parent=22579"}],"wp:term":[{"taxonomy":"category","embeddable":true,"href":"https:\/\/www.upslp.edu.mx\/upslp\/index.php?rest_route=%2Fwp%2Fv2%2Fcategories&post=22579"},{"taxonomy":"post_tag","embeddable":true,"href":"https:\/\/www.upslp.edu.mx\/upslp\/index.php?rest_route=%2Fwp%2Fv2%2Ftags&post=22579"}],"curies":[{"name":"wp","href":"https:\/\/api.w.org\/{rel}","templated":true}]}}