{"id":22603,"date":"2026-03-08T07:56:32","date_gmt":"2026-03-08T13:56:32","guid":{"rendered":"https:\/\/www.upslp.edu.mx\/upslp\/?p=22603"},"modified":"2026-03-11T08:03:06","modified_gmt":"2026-03-11T14:03:06","slug":"academia-de-nucleo-general-impulsa-jornadas-por-la-paz-con-acciones-sociales-y-de-formacion","status":"publish","type":"post","link":"https:\/\/www.upslp.edu.mx\/upslp\/?p=22603","title":{"rendered":"Academia de N\u00facleo General impulsa Jornadas por la Paz con acciones sociales y de formaci\u00f3n"},"content":{"rendered":"<p><em>Talleres, conferencias y actividades solidarias fortalecen valores entre estudiantes y comunidad.<\/em><\/p>\n<p>Como parte de las Jornadas por la Paz, la Academia de N\u00facleo General de la Universidad Polit\u00e9cnica de San Luis Potos llev\u00f3 a cabo una serie de actividades acad\u00e9micas y de acci\u00f3n social que buscan fortalecer valores como la empat\u00eda, la igualdad y la responsabilidad social entre los estudiantes.<\/p>\n<p>Entre las acciones destacadas se realiz\u00f3 el taller \u201cCreciendo Juntas\u201d, impartido por la Dra. Mariana Ju\u00e1rez con el apoyo de estudiantes de cuarto semestre de la asignatura N\u00facleo III: Filosof\u00eda y Valores, quienes participan en el Proyecto de Acci\u00f3n Social de la materia. La actividad se llev\u00f3 a cabo el 7 de marzo en el Centro de las Artes, y abord\u00f3 temas relacionados con la sexualidad, dirigido a ni\u00f1as y sus madres, con acceso libre para el p\u00fablico.<\/p>\n<p>Ese mismo d\u00eda, por la ma\u00f1ana y al mediod\u00eda, estudiantes del mismo semestre realizaron una visita al \u00e1rea de Pediatr\u00eda del Hospital Central, espec\u00edficamente en el departamento de hematolog\u00eda y oncolog\u00eda, donde entregaron refrigerios y brindaron acompa\u00f1amiento a ni\u00f1os con c\u00e1ncer y a sus familias. La actividad fue organizada con el apoyo de la Dra. Ruth Hern\u00e1ndez, docente de la Academia de N\u00facleo General, en colaboraci\u00f3n con la asociaci\u00f3n Dr. Sonrisas.<\/p>\n<p>Asimismo, en el marco del D\u00eda Internacional de la Mujer 2025, los d\u00edas 3 y 4 de marzo se llev\u00f3 a cabo en las instalaciones de la UPSLP un Ciclo de Conferencias sobre Equidad de G\u00e9nero, donde se generaron espacios de reflexi\u00f3n y di\u00e1logo en torno a la igualdad, el respeto y la construcci\u00f3n de entornos m\u00e1s justos, reforzando el compromiso de la instituci\u00f3n con la formaci\u00f3n integral y la cultura de paz dentro y fuera del aula.<\/p>\n\n\t\t<style type=\"text\/css\">\n\t\t\t#gallery-1 {\n\t\t\t\tmargin: auto;\n\t\t\t}\n\t\t\t#gallery-1 .gallery-item {\n\t\t\t\tfloat: left;\n\t\t\t\tmargin-top: 10px;\n\t\t\t\ttext-align: center;\n\t\t\t\twidth: 33%;\n\t\t\t}\n\t\t\t#gallery-1 img {\n\t\t\t\tborder: 2px solid #cfcfcf;\n\t\t\t}\n\t\t\t#gallery-1 .gallery-caption {\n\t\t\t\tmargin-left: 0;\n\t\t\t}\n\t\t\t\/* see gallery_shortcode() in wp-includes\/media.php *\/\n\t\t<\/style>\n\t\t<div id='gallery-1' class='gallery galleryid-22603 gallery-columns-3 gallery-size-thumbnail'><dl class='gallery-item'>\n\t\t\t<dt class='gallery-icon landscape'>\n\t\t\t\t<a href='https:\/\/www.upslp.edu.mx\/upslp\/wp-content\/uploads\/2026\/03\/WhatsApp-Image-2026-03-06-at-5.15.01-PM.jpeg'><img loading=\"lazy\" decoding=\"async\" width=\"150\" height=\"150\" src=\"https:\/\/www.upslp.edu.mx\/upslp\/wp-content\/uploads\/2026\/03\/WhatsApp-Image-2026-03-06-at-5.15.01-PM-150x150.jpeg\" class=\"attachment-thumbnail size-thumbnail\" alt=\"\" \/><\/a>\n\t\t\t<\/dt><\/dl><dl class='gallery-item'>\n\t\t\t<dt class='gallery-icon landscape'>\n\t\t\t\t<a href='https:\/\/www.upslp.edu.mx\/upslp\/wp-content\/uploads\/2026\/03\/WhatsApp-Image-2026-03-06-at-5.13.55-PM.jpeg'><img loading=\"lazy\" decoding=\"async\" width=\"150\" height=\"150\" src=\"https:\/\/www.upslp.edu.mx\/upslp\/wp-content\/uploads\/2026\/03\/WhatsApp-Image-2026-03-06-at-5.13.55-PM-150x150.jpeg\" class=\"attachment-thumbnail size-thumbnail\" alt=\"\" \/><\/a>\n\t\t\t<\/dt><\/dl><dl class='gallery-item'>\n\t\t\t<dt class='gallery-icon landscape'>\n\t\t\t\t<a href='https:\/\/www.upslp.edu.mx\/upslp\/wp-content\/uploads\/2026\/03\/IMG_0910.jpg'><img loading=\"lazy\" decoding=\"async\" width=\"150\" height=\"150\" src=\"https:\/\/www.upslp.edu.mx\/upslp\/wp-content\/uploads\/2026\/03\/IMG_0910-150x150.jpg\" class=\"attachment-thumbnail size-thumbnail\" alt=\"\" \/><\/a>\n\t\t\t<\/dt><\/dl><br style=\"clear: both\" \/><dl class='gallery-item'>\n\t\t\t<dt class='gallery-icon landscape'>\n\t\t\t\t<a href='https:\/\/www.upslp.edu.mx\/upslp\/wp-content\/uploads\/2026\/03\/d8161eae-e450-48d6-8b5b-ef2dafb88582.jpg'><img loading=\"lazy\" decoding=\"async\" width=\"150\" height=\"150\" src=\"https:\/\/www.upslp.edu.mx\/upslp\/wp-content\/uploads\/2026\/03\/d8161eae-e450-48d6-8b5b-ef2dafb88582-150x150.jpg\" class=\"attachment-thumbnail size-thumbnail\" alt=\"\" \/><\/a>\n\t\t\t<\/dt><\/dl><dl class='gallery-item'>\n\t\t\t<dt class='gallery-icon landscape'>\n\t\t\t\t<a href='https:\/\/www.upslp.edu.mx\/upslp\/wp-content\/uploads\/2026\/03\/WhatsApp-Image-2026-03-07-at-4.20.56-PM-1.jpeg'><img loading=\"lazy\" decoding=\"async\" width=\"150\" height=\"150\" src=\"https:\/\/www.upslp.edu.mx\/upslp\/wp-content\/uploads\/2026\/03\/WhatsApp-Image-2026-03-07-at-4.20.56-PM-1-150x150.jpeg\" class=\"attachment-thumbnail size-thumbnail\" alt=\"\" \/><\/a>\n\t\t\t<\/dt><\/dl><dl class='gallery-item'>\n\t\t\t<dt class='gallery-icon landscape'>\n\t\t\t\t<a href='https:\/\/www.upslp.edu.mx\/upslp\/wp-content\/uploads\/2026\/03\/WhatsApp-Image-2026-03-07-at-4.20.56-PM.jpeg'><img loading=\"lazy\" decoding=\"async\" width=\"150\" height=\"150\" src=\"https:\/\/www.upslp.edu.mx\/upslp\/wp-content\/uploads\/2026\/03\/WhatsApp-Image-2026-03-07-at-4.20.56-PM-150x150.jpeg\" class=\"attachment-thumbnail size-thumbnail\" alt=\"\" \/><\/a>\n\t\t\t<\/dt><\/dl><br style=\"clear: both\" \/>\n\t\t<\/div>\n\n","protected":false},"excerpt":{"rendered":"<p>Talleres, conferencias y actividades solidarias fortalecen valores entre estudiantes y comunidad. Como parte de [&hellip;]<\/p>\n","protected":false},"author":1,"featured_media":0,"comment_status":"closed","ping_status":"closed","sticky":false,"template":"","format":"standard","meta":{"footnotes":""},"categories":[3],"tags":[],"_links":{"self":[{"href":"https:\/\/www.upslp.edu.mx\/upslp\/index.php?rest_route=\/wp\/v2\/posts\/22603"}],"collection":[{"href":"https:\/\/www.upslp.edu.mx\/upslp\/index.php?rest_route=\/wp\/v2\/posts"}],"about":[{"href":"https:\/\/www.upslp.edu.mx\/upslp\/index.php?rest_route=\/wp\/v2\/types\/post"}],"author":[{"embeddable":true,"href":"https:\/\/www.upslp.edu.mx\/upslp\/index.php?rest_route=\/wp\/v2\/users\/1"}],"replies":[{"embeddable":true,"href":"https:\/\/www.upslp.edu.mx\/upslp\/index.php?rest_route=%2Fwp%2Fv2%2Fcomments&post=22603"}],"version-history":[{"count":1,"href":"https:\/\/www.upslp.edu.mx\/upslp\/index.php?rest_route=\/wp\/v2\/posts\/22603\/revisions"}],"predecessor-version":[{"id":22610,"href":"https:\/\/www.upslp.edu.mx\/upslp\/index.php?rest_route=\/wp\/v2\/posts\/22603\/revisions\/22610"}],"wp:attachment":[{"href":"https:\/\/www.upslp.edu.mx\/upslp\/index.php?rest_route=%2Fwp%2Fv2%2Fmedia&parent=22603"}],"wp:term":[{"taxonomy":"category","embeddable":true,"href":"https:\/\/www.upslp.edu.mx\/upslp\/index.php?rest_route=%2Fwp%2Fv2%2Fcategories&post=22603"},{"taxonomy":"post_tag","embeddable":true,"href":"https:\/\/www.upslp.edu.mx\/upslp\/index.php?rest_route=%2Fwp%2Fv2%2Ftags&post=22603"}],"curies":[{"name":"wp","href":"https:\/\/api.w.org\/{rel}","templated":true}]}}