{"id":7973,"date":"2017-09-20T12:59:52","date_gmt":"2017-09-20T17:59:52","guid":{"rendered":"http:\/\/www.upslp.edu.mx\/upslp\/?p=7973"},"modified":"2017-09-20T13:00:09","modified_gmt":"2017-09-20T18:00:09","slug":"la-universidad-politecnica-de-san-luis-potosi-reconoce-a-estudiantes-y-egresados-que-se-certificaron-como-auditores-internos-para-la-norma-iatf-169492016-asi-como-en-quality-core-tools","status":"publish","type":"post","link":"https:\/\/www.upslp.edu.mx\/upslp\/?p=7973","title":{"rendered":"La Universidad Polit\u00e9cnica de San Luis Potos\u00ed reconoce a estudiantes y egresados que se certificaron como Auditores Internos para la norma IATF 16949:2016 as\u00ed como en Quality Core Tools."},"content":{"rendered":"<p style=\"text-align: justify;\">En evento celebrado el pasado 14 de septiembre en presencia del Rector de la UPSLP, Mtro. Francisco Javier Delgado Rojas, el Vicerrector Acad\u00e9mico, Dr. Rafael Rostro Contreras, la Lic. Erika Hern\u00e1ndez, Directora de Ventas del Corporativo Desarrollo Empresarial en Capital Humano (DECH) y el Dr. Luis Fernando Ni\u00f1o Luna, Coordinador de la carrera de Ingenier\u00eda en Sistemas y Tecnolog\u00edas Industriales, se hizo entrega a estudiantes y egresados, de 10 certificaciones como auditores internos para la norma IATF 16949:2016, las cuales destacan por formar parte de la norma de Sistemas de Gesti\u00f3n de la Calidad ISO 9001-2015, as\u00ed como de 22 certificados de Quality Core Tools, que integran\u00a0 herramientas de Planeaci\u00f3n Avanzada de Calidad del Producto (APQP), An\u00e1lisis del Modo y Efecto de Falla (AMEF) y Proceso de Aprobaci\u00f3n de Partes de Producci\u00f3n (PPAP).<\/p>\n<p style=\"text-align: justify;\">En su mensaje, el Rector de la Universidad Polit\u00e9cnica de San Luis Potos\u00ed destac\u00f3 que desde que se fund\u00f3 la instituci\u00f3n se pens\u00f3 en la importancia de que los estudiantes no s\u00f3lo estuvieran avalados por el t\u00edtulo profesional, sino que adem\u00e1s, obtuvieran certificaciones respaldadas por organismos externos que los acreditaran como expertos y as\u00ed tuvieran mejores oportunidades laborales.<\/p>\n<p style=\"text-align: justify;\">En el mismo evento se tom\u00f3 protesta de la mesa directiva del Cap\u00edtulo Estudiantil #736 de la Ingenier\u00eda en Sistemas y Tecnolog\u00edas Industriales, que qued\u00f3 conformado por los estudiantes: Leticia Hern\u00e1ndez V\u00e1zquez, Andrea Meztli Gattica Ferrer, Guillermo D\u00edaz De Le\u00f3n Padilla, Xiadani Leija Hern\u00e1ndez, Denisse Romero Lugo, Claudia Ang\u00e9lica Mart\u00ednez Casta\u00f1eda, Jos\u00e9 Sa\u00fal P\u00e9rez Celestino, Isaac Barajas Agundis, Luis Antonio Monjar\u00e1s M\u00e9ndez, Brenda Torres Villanueva.<\/p>\n\n\t\t<style type=\"text\/css\">\n\t\t\t#gallery-1 {\n\t\t\t\tmargin: auto;\n\t\t\t}\n\t\t\t#gallery-1 .gallery-item {\n\t\t\t\tfloat: left;\n\t\t\t\tmargin-top: 10px;\n\t\t\t\ttext-align: center;\n\t\t\t\twidth: 33%;\n\t\t\t}\n\t\t\t#gallery-1 img {\n\t\t\t\tborder: 2px solid #cfcfcf;\n\t\t\t}\n\t\t\t#gallery-1 .gallery-caption {\n\t\t\t\tmargin-left: 0;\n\t\t\t}\n\t\t\t\/* see gallery_shortcode() in wp-includes\/media.php *\/\n\t\t<\/style>\n\t\t<div id='gallery-1' class='gallery galleryid-7973 gallery-columns-3 gallery-size-thumbnail'><dl class='gallery-item'>\n\t\t\t<dt class='gallery-icon landscape'>\n\t\t\t\t<a href='https:\/\/www.upslp.edu.mx\/upslp\/wp-content\/uploads\/2017\/09\/14-sept-2017-Entrega-de-certificaciones-y-toma-de-protesta-Capitulo-ISTI-1.jpg'><img loading=\"lazy\" decoding=\"async\" width=\"150\" height=\"98\" src=\"https:\/\/www.upslp.edu.mx\/upslp\/wp-content\/uploads\/2017\/09\/14-sept-2017-Entrega-de-certificaciones-y-toma-de-protesta-Capitulo-ISTI-1.jpg\" class=\"attachment-thumbnail size-thumbnail\" alt=\"\" \/><\/a>\n\t\t\t<\/dt><\/dl><dl class='gallery-item'>\n\t\t\t<dt class='gallery-icon landscape'>\n\t\t\t\t<a href='https:\/\/www.upslp.edu.mx\/upslp\/wp-content\/uploads\/2017\/09\/14-sept-2017-Entrega-de-certificaciones-y-toma-de-protesta-Capitulo-ISTI-2.jpg'><img loading=\"lazy\" decoding=\"async\" width=\"150\" height=\"98\" src=\"https:\/\/www.upslp.edu.mx\/upslp\/wp-content\/uploads\/2017\/09\/14-sept-2017-Entrega-de-certificaciones-y-toma-de-protesta-Capitulo-ISTI-2.jpg\" class=\"attachment-thumbnail size-thumbnail\" alt=\"\" \/><\/a>\n\t\t\t<\/dt><\/dl><dl class='gallery-item'>\n\t\t\t<dt class='gallery-icon landscape'>\n\t\t\t\t<a href='https:\/\/www.upslp.edu.mx\/upslp\/wp-content\/uploads\/2017\/09\/14-sept-2017-Entrega-de-certificaciones-y-toma-de-protesta-Capitulo-ISTI-3.jpg'><img loading=\"lazy\" decoding=\"async\" width=\"150\" height=\"98\" src=\"https:\/\/www.upslp.edu.mx\/upslp\/wp-content\/uploads\/2017\/09\/14-sept-2017-Entrega-de-certificaciones-y-toma-de-protesta-Capitulo-ISTI-3.jpg\" class=\"attachment-thumbnail size-thumbnail\" alt=\"\" \/><\/a>\n\t\t\t<\/dt><\/dl><br style=\"clear: both\" \/><dl class='gallery-item'>\n\t\t\t<dt class='gallery-icon landscape'>\n\t\t\t\t<a href='https:\/\/www.upslp.edu.mx\/upslp\/wp-content\/uploads\/2017\/09\/14-sept-2017-Entrega-de-certificaciones-y-toma-de-protesta-Capitulo-ISTI-4.jpg'><img loading=\"lazy\" decoding=\"async\" width=\"150\" height=\"98\" src=\"https:\/\/www.upslp.edu.mx\/upslp\/wp-content\/uploads\/2017\/09\/14-sept-2017-Entrega-de-certificaciones-y-toma-de-protesta-Capitulo-ISTI-4.jpg\" class=\"attachment-thumbnail size-thumbnail\" alt=\"\" \/><\/a>\n\t\t\t<\/dt><\/dl><dl class='gallery-item'>\n\t\t\t<dt class='gallery-icon landscape'>\n\t\t\t\t<a href='https:\/\/www.upslp.edu.mx\/upslp\/wp-content\/uploads\/2017\/09\/14-sept-2017-Entrega-de-certificaciones-y-toma-de-protesta-Capitulo-ISTI-5.jpg'><img loading=\"lazy\" decoding=\"async\" width=\"150\" height=\"98\" src=\"https:\/\/www.upslp.edu.mx\/upslp\/wp-content\/uploads\/2017\/09\/14-sept-2017-Entrega-de-certificaciones-y-toma-de-protesta-Capitulo-ISTI-5.jpg\" class=\"attachment-thumbnail size-thumbnail\" alt=\"\" \/><\/a>\n\t\t\t<\/dt><\/dl><dl class='gallery-item'>\n\t\t\t<dt class='gallery-icon landscape'>\n\t\t\t\t<a href='https:\/\/www.upslp.edu.mx\/upslp\/wp-content\/uploads\/2017\/09\/14-sept-2017-Entrega-de-certificaciones-y-toma-de-protesta-Capitulo-ISTI-6.jpg'><img loading=\"lazy\" decoding=\"async\" width=\"150\" height=\"98\" src=\"https:\/\/www.upslp.edu.mx\/upslp\/wp-content\/uploads\/2017\/09\/14-sept-2017-Entrega-de-certificaciones-y-toma-de-protesta-Capitulo-ISTI-6.jpg\" class=\"attachment-thumbnail size-thumbnail\" alt=\"\" \/><\/a>\n\t\t\t<\/dt><\/dl><br style=\"clear: both\" \/><dl class='gallery-item'>\n\t\t\t<dt class='gallery-icon landscape'>\n\t\t\t\t<a href='https:\/\/www.upslp.edu.mx\/upslp\/wp-content\/uploads\/2017\/09\/14-sept-2017-Entrega-de-certificaciones-y-toma-de-protesta-Capitulo-ISTI-7.jpg'><img loading=\"lazy\" decoding=\"async\" width=\"150\" height=\"98\" src=\"https:\/\/www.upslp.edu.mx\/upslp\/wp-content\/uploads\/2017\/09\/14-sept-2017-Entrega-de-certificaciones-y-toma-de-protesta-Capitulo-ISTI-7.jpg\" class=\"attachment-thumbnail size-thumbnail\" alt=\"\" \/><\/a>\n\t\t\t<\/dt><\/dl><dl class='gallery-item'>\n\t\t\t<dt class='gallery-icon landscape'>\n\t\t\t\t<a href='https:\/\/www.upslp.edu.mx\/upslp\/wp-content\/uploads\/2017\/09\/14-sept-2017-Entrega-de-certificaciones-y-toma-de-protesta-Capitulo-ISTI-8.jpg'><img loading=\"lazy\" decoding=\"async\" width=\"150\" height=\"98\" src=\"https:\/\/www.upslp.edu.mx\/upslp\/wp-content\/uploads\/2017\/09\/14-sept-2017-Entrega-de-certificaciones-y-toma-de-protesta-Capitulo-ISTI-8.jpg\" class=\"attachment-thumbnail size-thumbnail\" alt=\"\" \/><\/a>\n\t\t\t<\/dt><\/dl><dl class='gallery-item'>\n\t\t\t<dt class='gallery-icon landscape'>\n\t\t\t\t<a href='https:\/\/www.upslp.edu.mx\/upslp\/wp-content\/uploads\/2017\/09\/14-sept-2017-Entrega-de-certificaciones-y-toma-de-protesta-Capitulo-ISTI-9.jpg'><img loading=\"lazy\" decoding=\"async\" width=\"150\" height=\"98\" src=\"https:\/\/www.upslp.edu.mx\/upslp\/wp-content\/uploads\/2017\/09\/14-sept-2017-Entrega-de-certificaciones-y-toma-de-protesta-Capitulo-ISTI-9.jpg\" class=\"attachment-thumbnail size-thumbnail\" alt=\"\" \/><\/a>\n\t\t\t<\/dt><\/dl><br style=\"clear: both\" \/>\n\t\t<\/div>\n\n","protected":false},"excerpt":{"rendered":"<p>En evento celebrado el pasado 14 de septiembre en presencia del Rector de la [&hellip;]<\/p>\n","protected":false},"author":1,"featured_media":0,"comment_status":"closed","ping_status":"closed","sticky":false,"template":"","format":"standard","meta":{"footnotes":""},"categories":[3],"tags":[],"_links":{"self":[{"href":"https:\/\/www.upslp.edu.mx\/upslp\/index.php?rest_route=\/wp\/v2\/posts\/7973"}],"collection":[{"href":"https:\/\/www.upslp.edu.mx\/upslp\/index.php?rest_route=\/wp\/v2\/posts"}],"about":[{"href":"https:\/\/www.upslp.edu.mx\/upslp\/index.php?rest_route=\/wp\/v2\/types\/post"}],"author":[{"embeddable":true,"href":"https:\/\/www.upslp.edu.mx\/upslp\/index.php?rest_route=\/wp\/v2\/users\/1"}],"replies":[{"embeddable":true,"href":"https:\/\/www.upslp.edu.mx\/upslp\/index.php?rest_route=%2Fwp%2Fv2%2Fcomments&post=7973"}],"version-history":[{"count":2,"href":"https:\/\/www.upslp.edu.mx\/upslp\/index.php?rest_route=\/wp\/v2\/posts\/7973\/revisions"}],"predecessor-version":[{"id":7993,"href":"https:\/\/www.upslp.edu.mx\/upslp\/index.php?rest_route=\/wp\/v2\/posts\/7973\/revisions\/7993"}],"wp:attachment":[{"href":"https:\/\/www.upslp.edu.mx\/upslp\/index.php?rest_route=%2Fwp%2Fv2%2Fmedia&parent=7973"}],"wp:term":[{"taxonomy":"category","embeddable":true,"href":"https:\/\/www.upslp.edu.mx\/upslp\/index.php?rest_route=%2Fwp%2Fv2%2Fcategories&post=7973"},{"taxonomy":"post_tag","embeddable":true,"href":"https:\/\/www.upslp.edu.mx\/upslp\/index.php?rest_route=%2Fwp%2Fv2%2Ftags&post=7973"}],"curies":[{"name":"wp","href":"https:\/\/api.w.org\/{rel}","templated":true}]}}