{"id":8013,"date":"2017-09-28T13:11:34","date_gmt":"2017-09-28T18:11:34","guid":{"rendered":"http:\/\/www.upslp.edu.mx\/upslp\/?p=8013"},"modified":"2017-09-28T13:11:34","modified_gmt":"2017-09-28T18:11:34","slug":"ofertan-mil-empleos-en-exitosa-feria-metropolitana-realizada-en-las-instalaciones-de-la-universidad-politecnica-de-san-luis-potosi","status":"publish","type":"post","link":"https:\/\/www.upslp.edu.mx\/upslp\/?p=8013","title":{"rendered":"Ofertan mil empleos en exitosa Feria Metropolitana realizada en las instalaciones de la Universidad Polit\u00e9cnica de San Luis Potos\u00ed."},"content":{"rendered":"<p style=\"text-align: justify;\">El pasado martes 26 de septiembre se llev\u00f3 a cabo la Feria del Empleo Metropolitana en las instalaciones de la Universidad Polit\u00e9cnica de San Luis Potos\u00ed, la cual cont\u00f3 con la participaci\u00f3n de 60 empresas que ofertaron mil vacantes para profesionistas, t\u00e9cnicos, operarios, j\u00f3venes, adultos mayores, mujeres, discapacitados, entre otros.<\/p>\n<p style=\"text-align: justify;\">Manuel Lozano Nieto, titular de la Secretar\u00eda del Trabajo y Previsi\u00f3n Social (STPS) recalc\u00f3 que estos eventos ayudan a que los j\u00f3venes reci\u00e9n egresados tengan mayores oportunidades para que puedan tener su primera experiencia laboral. Tambi\u00e9n se\u00f1al\u00f3 que actualmente las empresas facilitan los requisitos necesarios para que m\u00e1s personas puedan ingresar a un centro de trabajo, puntualizando que de la gente que asiste a estas ferias, cerca del 35 al 40 por ciento logran colocarse en una vacante, en un periodo de 3 a 4 meses.<\/p>\n<p style=\"text-align: justify;\">En su intervenci\u00f3n, el rector de la Universidad Polit\u00e9cnica de San Luis Potos\u00ed, Mtro, Francisco Javier Delgado Rojas felicit\u00f3 \u00a0a los organizadores del evento, as\u00ed como a los empresarios, por realizar este evento y ofrecer oportunidades laborales a la juventud y la gente potosina. Reiter\u00f3 que este tema es importante para la Universidad porque el objetivo fundamental de las instituciones de educaci\u00f3n superior es que los egresados tengan un\u00a0 trabajo digno y acorde a sus estudios.<\/p>\n<p style=\"text-align: justify;\">Para finalizar, las autoridades estatales, hicieron entrega de apoyos productivos y becas de capacitaci\u00f3n. El evento cont\u00f3 con la presencia del titular de la Secretar\u00eda de Desarrollo Econ\u00f3mico (Sedeco), Gustavo Puente Orozco; el presidente de la Directiva del Congreso del Estado, Fernando Ch\u00e1vez M\u00e9ndez; el presidente de la Uni\u00f3n de Usuarios de la Zona Industrial (UUZI), Ricardo P\u00e9rez; el delegado federal del Trabajo, Edgar Dur\u00f3n, entre otros<\/p>\n<p style=\"text-align: justify;\">\n\n\t\t<style type=\"text\/css\">\n\t\t\t#gallery-1 {\n\t\t\t\tmargin: auto;\n\t\t\t}\n\t\t\t#gallery-1 .gallery-item {\n\t\t\t\tfloat: left;\n\t\t\t\tmargin-top: 10px;\n\t\t\t\ttext-align: center;\n\t\t\t\twidth: 25%;\n\t\t\t}\n\t\t\t#gallery-1 img {\n\t\t\t\tborder: 2px solid #cfcfcf;\n\t\t\t}\n\t\t\t#gallery-1 .gallery-caption {\n\t\t\t\tmargin-left: 0;\n\t\t\t}\n\t\t\t\/* see gallery_shortcode() in wp-includes\/media.php *\/\n\t\t<\/style>\n\t\t<div id='gallery-1' class='gallery galleryid-8013 gallery-columns-4 gallery-size-thumbnail'><dl class='gallery-item'>\n\t\t\t<dt class='gallery-icon landscape'>\n\t\t\t\t<a href='https:\/\/www.upslp.edu.mx\/upslp\/wp-content\/uploads\/2017\/09\/26-sept-Feria-Metropolitana-2.jpg'><img loading=\"lazy\" decoding=\"async\" width=\"150\" height=\"98\" src=\"https:\/\/www.upslp.edu.mx\/upslp\/wp-content\/uploads\/2017\/09\/26-sept-Feria-Metropolitana-2.jpg\" class=\"attachment-thumbnail size-thumbnail\" alt=\"\" \/><\/a>\n\t\t\t<\/dt><\/dl><dl class='gallery-item'>\n\t\t\t<dt class='gallery-icon landscape'>\n\t\t\t\t<a href='https:\/\/www.upslp.edu.mx\/upslp\/wp-content\/uploads\/2017\/09\/26-sept-Feria-Metropolitana-3.jpg'><img loading=\"lazy\" decoding=\"async\" width=\"150\" height=\"98\" src=\"https:\/\/www.upslp.edu.mx\/upslp\/wp-content\/uploads\/2017\/09\/26-sept-Feria-Metropolitana-3.jpg\" class=\"attachment-thumbnail size-thumbnail\" alt=\"\" \/><\/a>\n\t\t\t<\/dt><\/dl><dl class='gallery-item'>\n\t\t\t<dt class='gallery-icon landscape'>\n\t\t\t\t<a href='https:\/\/www.upslp.edu.mx\/upslp\/wp-content\/uploads\/2017\/09\/26-sept-Feria-Metropolitana-4.jpg'><img loading=\"lazy\" decoding=\"async\" width=\"150\" height=\"98\" src=\"https:\/\/www.upslp.edu.mx\/upslp\/wp-content\/uploads\/2017\/09\/26-sept-Feria-Metropolitana-4.jpg\" class=\"attachment-thumbnail size-thumbnail\" alt=\"\" \/><\/a>\n\t\t\t<\/dt><\/dl><dl class='gallery-item'>\n\t\t\t<dt class='gallery-icon landscape'>\n\t\t\t\t<a href='https:\/\/www.upslp.edu.mx\/upslp\/wp-content\/uploads\/2017\/09\/26-sept-Feria-Metropolitana-5.jpg'><img loading=\"lazy\" decoding=\"async\" width=\"150\" height=\"98\" src=\"https:\/\/www.upslp.edu.mx\/upslp\/wp-content\/uploads\/2017\/09\/26-sept-Feria-Metropolitana-5.jpg\" class=\"attachment-thumbnail size-thumbnail\" alt=\"\" \/><\/a>\n\t\t\t<\/dt><\/dl><br style=\"clear: both\" \/><dl class='gallery-item'>\n\t\t\t<dt class='gallery-icon landscape'>\n\t\t\t\t<a href='https:\/\/www.upslp.edu.mx\/upslp\/wp-content\/uploads\/2017\/09\/26-sept-Feria-Metropolitana-6.jpg'><img loading=\"lazy\" decoding=\"async\" width=\"150\" height=\"98\" src=\"https:\/\/www.upslp.edu.mx\/upslp\/wp-content\/uploads\/2017\/09\/26-sept-Feria-Metropolitana-6.jpg\" class=\"attachment-thumbnail size-thumbnail\" alt=\"\" \/><\/a>\n\t\t\t<\/dt><\/dl><dl class='gallery-item'>\n\t\t\t<dt class='gallery-icon landscape'>\n\t\t\t\t<a href='https:\/\/www.upslp.edu.mx\/upslp\/wp-content\/uploads\/2017\/09\/26-sept-Feria-Metropolitana-7.jpg'><img loading=\"lazy\" decoding=\"async\" width=\"150\" height=\"98\" src=\"https:\/\/www.upslp.edu.mx\/upslp\/wp-content\/uploads\/2017\/09\/26-sept-Feria-Metropolitana-7.jpg\" class=\"attachment-thumbnail size-thumbnail\" alt=\"\" \/><\/a>\n\t\t\t<\/dt><\/dl><dl class='gallery-item'>\n\t\t\t<dt class='gallery-icon landscape'>\n\t\t\t\t<a href='https:\/\/www.upslp.edu.mx\/upslp\/wp-content\/uploads\/2017\/09\/26-sept-Feria-Metropolitana-8.jpg'><img loading=\"lazy\" decoding=\"async\" width=\"150\" height=\"98\" src=\"https:\/\/www.upslp.edu.mx\/upslp\/wp-content\/uploads\/2017\/09\/26-sept-Feria-Metropolitana-8.jpg\" class=\"attachment-thumbnail size-thumbnail\" alt=\"\" \/><\/a>\n\t\t\t<\/dt><\/dl><dl class='gallery-item'>\n\t\t\t<dt class='gallery-icon landscape'>\n\t\t\t\t<a href='https:\/\/www.upslp.edu.mx\/upslp\/wp-content\/uploads\/2017\/09\/26-sept-Feria-Metropolitana-9.jpg'><img loading=\"lazy\" decoding=\"async\" width=\"150\" height=\"98\" src=\"https:\/\/www.upslp.edu.mx\/upslp\/wp-content\/uploads\/2017\/09\/26-sept-Feria-Metropolitana-9.jpg\" class=\"attachment-thumbnail size-thumbnail\" alt=\"\" \/><\/a>\n\t\t\t<\/dt><\/dl><br style=\"clear: both\" \/><dl class='gallery-item'>\n\t\t\t<dt class='gallery-icon landscape'>\n\t\t\t\t<a href='https:\/\/www.upslp.edu.mx\/upslp\/wp-content\/uploads\/2017\/09\/26-sept-Feria-Metropolitana-10.jpg'><img loading=\"lazy\" decoding=\"async\" width=\"150\" height=\"98\" src=\"https:\/\/www.upslp.edu.mx\/upslp\/wp-content\/uploads\/2017\/09\/26-sept-Feria-Metropolitana-10.jpg\" class=\"attachment-thumbnail size-thumbnail\" alt=\"\" \/><\/a>\n\t\t\t<\/dt><\/dl><dl class='gallery-item'>\n\t\t\t<dt class='gallery-icon landscape'>\n\t\t\t\t<a href='https:\/\/www.upslp.edu.mx\/upslp\/wp-content\/uploads\/2017\/09\/26-sept-Feria-Metropolitana-11.jpg'><img loading=\"lazy\" decoding=\"async\" width=\"150\" height=\"98\" src=\"https:\/\/www.upslp.edu.mx\/upslp\/wp-content\/uploads\/2017\/09\/26-sept-Feria-Metropolitana-11.jpg\" class=\"attachment-thumbnail size-thumbnail\" alt=\"\" \/><\/a>\n\t\t\t<\/dt><\/dl><dl class='gallery-item'>\n\t\t\t<dt class='gallery-icon landscape'>\n\t\t\t\t<a href='https:\/\/www.upslp.edu.mx\/upslp\/wp-content\/uploads\/2017\/09\/26-sept-Feria-Metropolitana-12.jpg'><img loading=\"lazy\" decoding=\"async\" width=\"150\" height=\"98\" src=\"https:\/\/www.upslp.edu.mx\/upslp\/wp-content\/uploads\/2017\/09\/26-sept-Feria-Metropolitana-12.jpg\" class=\"attachment-thumbnail size-thumbnail\" alt=\"\" \/><\/a>\n\t\t\t<\/dt><\/dl><dl class='gallery-item'>\n\t\t\t<dt class='gallery-icon landscape'>\n\t\t\t\t<a href='https:\/\/www.upslp.edu.mx\/upslp\/wp-content\/uploads\/2017\/09\/26-sept-Feria-Metropolitana-13.jpg'><img loading=\"lazy\" decoding=\"async\" width=\"150\" height=\"98\" src=\"https:\/\/www.upslp.edu.mx\/upslp\/wp-content\/uploads\/2017\/09\/26-sept-Feria-Metropolitana-13.jpg\" class=\"attachment-thumbnail size-thumbnail\" alt=\"\" \/><\/a>\n\t\t\t<\/dt><\/dl><br style=\"clear: both\" \/><dl class='gallery-item'>\n\t\t\t<dt class='gallery-icon landscape'>\n\t\t\t\t<a href='https:\/\/www.upslp.edu.mx\/upslp\/wp-content\/uploads\/2017\/09\/26-sept-Feria-Metropolitana-14.jpg'><img loading=\"lazy\" decoding=\"async\" width=\"150\" height=\"98\" src=\"https:\/\/www.upslp.edu.mx\/upslp\/wp-content\/uploads\/2017\/09\/26-sept-Feria-Metropolitana-14.jpg\" class=\"attachment-thumbnail size-thumbnail\" alt=\"\" \/><\/a>\n\t\t\t<\/dt><\/dl><dl class='gallery-item'>\n\t\t\t<dt class='gallery-icon landscape'>\n\t\t\t\t<a href='https:\/\/www.upslp.edu.mx\/upslp\/wp-content\/uploads\/2017\/09\/26-sept-Feria-Metropolitana-15.jpg'><img loading=\"lazy\" decoding=\"async\" width=\"150\" height=\"98\" src=\"https:\/\/www.upslp.edu.mx\/upslp\/wp-content\/uploads\/2017\/09\/26-sept-Feria-Metropolitana-15.jpg\" class=\"attachment-thumbnail size-thumbnail\" alt=\"\" \/><\/a>\n\t\t\t<\/dt><\/dl><dl class='gallery-item'>\n\t\t\t<dt class='gallery-icon landscape'>\n\t\t\t\t<a href='https:\/\/www.upslp.edu.mx\/upslp\/wp-content\/uploads\/2017\/09\/26-sept-Feria-Metropolitana-16.jpg'><img loading=\"lazy\" decoding=\"async\" width=\"150\" height=\"98\" src=\"https:\/\/www.upslp.edu.mx\/upslp\/wp-content\/uploads\/2017\/09\/26-sept-Feria-Metropolitana-16.jpg\" class=\"attachment-thumbnail size-thumbnail\" alt=\"\" \/><\/a>\n\t\t\t<\/dt><\/dl><dl class='gallery-item'>\n\t\t\t<dt class='gallery-icon landscape'>\n\t\t\t\t<a href='https:\/\/www.upslp.edu.mx\/upslp\/wp-content\/uploads\/2017\/09\/26-sept-Feria-Metropolitana-17.jpg'><img loading=\"lazy\" decoding=\"async\" width=\"150\" height=\"98\" src=\"https:\/\/www.upslp.edu.mx\/upslp\/wp-content\/uploads\/2017\/09\/26-sept-Feria-Metropolitana-17.jpg\" class=\"attachment-thumbnail size-thumbnail\" alt=\"\" \/><\/a>\n\t\t\t<\/dt><\/dl><br style=\"clear: both\" \/><dl class='gallery-item'>\n\t\t\t<dt class='gallery-icon landscape'>\n\t\t\t\t<a href='https:\/\/www.upslp.edu.mx\/upslp\/wp-content\/uploads\/2017\/09\/26-sept-Feria-Metropolitana-18.jpg'><img loading=\"lazy\" decoding=\"async\" width=\"150\" height=\"98\" src=\"https:\/\/www.upslp.edu.mx\/upslp\/wp-content\/uploads\/2017\/09\/26-sept-Feria-Metropolitana-18.jpg\" class=\"attachment-thumbnail size-thumbnail\" alt=\"\" \/><\/a>\n\t\t\t<\/dt><\/dl>\n\t\t\t<br style='clear: both' \/>\n\t\t<\/div>\n\n","protected":false},"excerpt":{"rendered":"<p>El pasado martes 26 de septiembre se llev\u00f3 a cabo la Feria del Empleo [&hellip;]<\/p>\n","protected":false},"author":1,"featured_media":0,"comment_status":"closed","ping_status":"closed","sticky":false,"template":"","format":"standard","meta":{"footnotes":""},"categories":[3],"tags":[],"_links":{"self":[{"href":"https:\/\/www.upslp.edu.mx\/upslp\/index.php?rest_route=\/wp\/v2\/posts\/8013"}],"collection":[{"href":"https:\/\/www.upslp.edu.mx\/upslp\/index.php?rest_route=\/wp\/v2\/posts"}],"about":[{"href":"https:\/\/www.upslp.edu.mx\/upslp\/index.php?rest_route=\/wp\/v2\/types\/post"}],"author":[{"embeddable":true,"href":"https:\/\/www.upslp.edu.mx\/upslp\/index.php?rest_route=\/wp\/v2\/users\/1"}],"replies":[{"embeddable":true,"href":"https:\/\/www.upslp.edu.mx\/upslp\/index.php?rest_route=%2Fwp%2Fv2%2Fcomments&post=8013"}],"version-history":[{"count":1,"href":"https:\/\/www.upslp.edu.mx\/upslp\/index.php?rest_route=\/wp\/v2\/posts\/8013\/revisions"}],"predecessor-version":[{"id":8031,"href":"https:\/\/www.upslp.edu.mx\/upslp\/index.php?rest_route=\/wp\/v2\/posts\/8013\/revisions\/8031"}],"wp:attachment":[{"href":"https:\/\/www.upslp.edu.mx\/upslp\/index.php?rest_route=%2Fwp%2Fv2%2Fmedia&parent=8013"}],"wp:term":[{"taxonomy":"category","embeddable":true,"href":"https:\/\/www.upslp.edu.mx\/upslp\/index.php?rest_route=%2Fwp%2Fv2%2Fcategories&post=8013"},{"taxonomy":"post_tag","embeddable":true,"href":"https:\/\/www.upslp.edu.mx\/upslp\/index.php?rest_route=%2Fwp%2Fv2%2Ftags&post=8013"}],"curies":[{"name":"wp","href":"https:\/\/api.w.org\/{rel}","templated":true}]}}