{"id":8359,"date":"2017-12-18T17:59:16","date_gmt":"2017-12-18T23:59:16","guid":{"rendered":"http:\/\/www.upslp.edu.mx\/upslp\/?p=8359"},"modified":"2017-12-18T17:59:16","modified_gmt":"2017-12-18T23:59:16","slug":"upslp-comprometida-con-la-formacion-de-sus-alumnos-jrd","status":"publish","type":"post","link":"https:\/\/www.upslp.edu.mx\/upslp\/?p=8359","title":{"rendered":"\u00abUPSLP comprometida con la formaci\u00f3n de sus alumnos\u00bb: JRD"},"content":{"rendered":"<p style=\"text-align: justify;\">\u201cLa Universidad Polit\u00e9cnica de San Luis Potos\u00ed siempre ha mostrado su compromiso con la excelencia y la formaci\u00f3n integral y humana y con el aprendizaje y la aplicaci\u00f3n de nuevos conocimientos\u201d, as\u00ed lo expres\u00f3 el Secretario de Educaci\u00f3n del Gobierno del Estado, Joel Ram\u00edrez D\u00edaz en el marco de la ceremonia de graduaci\u00f3n 2017 de la UPSLP en la que se graduaron 671 nuevos profesionistas.<\/p>\n<p style=\"text-align: justify;\">El titular de SEGE, exhort\u00f3 a los nuevos profesionistas a seguir prepar\u00e1ndose en el \u00e1mbito acad\u00e9mico, y agreg\u00f3: \u201cesta Universidad se ha consolidado como un espacio intelectual que atrae al mejor talento y tanto como estudiantes y profesores se sienten orgullosos de pertenecer a tan extraordinaria comunidad educativa\u201d.<\/p>\n<p style=\"text-align: justify;\">Por su parte, el Rector de la UPSLP, Francisco Javier Delgado Rojas, detall\u00f3 que a 16 a\u00f1os de la creaci\u00f3n de dicha instituci\u00f3n, han egresado 4 mil 24 nuevos profesionistas y en esta d\u00e9cimo tercera generaci\u00f3n, 671 graduados terminan una etapa para aplicar lo aprendido en la vida laboral que comienzan, adem\u00e1s destac\u00f3 que la matr\u00edcula actual de la Universidad es de 5 mil 263 estudiantes.<\/p>\n<p style=\"text-align: justify;\">Ram\u00edrez D\u00edaz destac\u00f3 en su mensaje a los mejores promedios de la generaci\u00f3n 2017, adem\u00e1s hizo de un reconocimiento especial al alumno de Ingenier\u00eda en Sistemas y Tecnolog\u00edas Industriales, Joel Rodr\u00edguez Zapata quien se encuentra actualmente en Jap\u00f3n por capacitaci\u00f3n de la empresa Robert Bosch.<\/p>\n<p style=\"text-align: justify;\">En el evento estuvieron presentes: Francisco Lomel\u00ed Isaza, Subdelegado Federal y representante de la Lic. Luc\u00eda G\u00e1rate G\u00f3mez, Delegada Federal de SEP en SLP; Francisco Javier Delgado Rojas, Rector de la Universidad Polit\u00e9cnica de SLP; Francisco Rafael Rostro Contreras, Vicerrector Acad\u00e9mico de la Universidad Polit\u00e9cnica de SLP; Igor Le\u00f3n O\u2018Farrill, Director de Administraci\u00f3n y Finanzas de la Universidad Polit\u00e9cnica de SLP y as\u00ed como coordinadores de las distintas carreras de los graduados.<\/p>\n<p style=\"text-align: justify;\">\n\n\t\t<style type=\"text\/css\">\n\t\t\t#gallery-1 {\n\t\t\t\tmargin: auto;\n\t\t\t}\n\t\t\t#gallery-1 .gallery-item {\n\t\t\t\tfloat: left;\n\t\t\t\tmargin-top: 10px;\n\t\t\t\ttext-align: center;\n\t\t\t\twidth: 25%;\n\t\t\t}\n\t\t\t#gallery-1 img {\n\t\t\t\tborder: 2px solid #cfcfcf;\n\t\t\t}\n\t\t\t#gallery-1 .gallery-caption {\n\t\t\t\tmargin-left: 0;\n\t\t\t}\n\t\t\t\/* see gallery_shortcode() in wp-includes\/media.php *\/\n\t\t<\/style>\n\t\t<div id='gallery-1' class='gallery galleryid-8359 gallery-columns-4 gallery-size-thumbnail'><dl class='gallery-item'>\n\t\t\t<dt class='gallery-icon landscape'>\n\t\t\t\t<a href='https:\/\/www.upslp.edu.mx\/upslp\/wp-content\/uploads\/2017\/12\/15-dic-Ceremonia-Graduacion-1.jpg'><img loading=\"lazy\" decoding=\"async\" width=\"150\" height=\"102\" src=\"https:\/\/www.upslp.edu.mx\/upslp\/wp-content\/uploads\/2017\/12\/15-dic-Ceremonia-Graduacion-1.jpg\" class=\"attachment-thumbnail size-thumbnail\" alt=\"\" \/><\/a>\n\t\t\t<\/dt><\/dl><dl class='gallery-item'>\n\t\t\t<dt class='gallery-icon landscape'>\n\t\t\t\t<a href='https:\/\/www.upslp.edu.mx\/upslp\/wp-content\/uploads\/2017\/12\/15-dic-Ceremonia-Graduacion-2.jpg'><img loading=\"lazy\" decoding=\"async\" width=\"150\" height=\"97\" src=\"https:\/\/www.upslp.edu.mx\/upslp\/wp-content\/uploads\/2017\/12\/15-dic-Ceremonia-Graduacion-2.jpg\" class=\"attachment-thumbnail size-thumbnail\" alt=\"\" \/><\/a>\n\t\t\t<\/dt><\/dl><dl class='gallery-item'>\n\t\t\t<dt class='gallery-icon landscape'>\n\t\t\t\t<a href='https:\/\/www.upslp.edu.mx\/upslp\/wp-content\/uploads\/2017\/12\/15-dic-Ceremonia-Graduacion-3.jpg'><img loading=\"lazy\" decoding=\"async\" width=\"150\" height=\"100\" src=\"https:\/\/www.upslp.edu.mx\/upslp\/wp-content\/uploads\/2017\/12\/15-dic-Ceremonia-Graduacion-3.jpg\" class=\"attachment-thumbnail size-thumbnail\" alt=\"\" \/><\/a>\n\t\t\t<\/dt><\/dl><dl class='gallery-item'>\n\t\t\t<dt class='gallery-icon landscape'>\n\t\t\t\t<a href='https:\/\/www.upslp.edu.mx\/upslp\/wp-content\/uploads\/2017\/12\/15-dic-Ceremonia-Graduacion-4.jpg'><img loading=\"lazy\" decoding=\"async\" width=\"150\" height=\"100\" src=\"https:\/\/www.upslp.edu.mx\/upslp\/wp-content\/uploads\/2017\/12\/15-dic-Ceremonia-Graduacion-4.jpg\" class=\"attachment-thumbnail size-thumbnail\" alt=\"\" \/><\/a>\n\t\t\t<\/dt><\/dl><br style=\"clear: both\" \/>\n\t\t<\/div>\n\n<p style=\"text-align: justify;\">\n<p style=\"text-align: justify;\">\n","protected":false},"excerpt":{"rendered":"<p>\u201cLa Universidad Polit\u00e9cnica de San Luis Potos\u00ed siempre ha mostrado su compromiso con la [&hellip;]<\/p>\n","protected":false},"author":1,"featured_media":0,"comment_status":"closed","ping_status":"closed","sticky":false,"template":"","format":"standard","meta":{"footnotes":""},"categories":[3],"tags":[],"_links":{"self":[{"href":"https:\/\/www.upslp.edu.mx\/upslp\/index.php?rest_route=\/wp\/v2\/posts\/8359"}],"collection":[{"href":"https:\/\/www.upslp.edu.mx\/upslp\/index.php?rest_route=\/wp\/v2\/posts"}],"about":[{"href":"https:\/\/www.upslp.edu.mx\/upslp\/index.php?rest_route=\/wp\/v2\/types\/post"}],"author":[{"embeddable":true,"href":"https:\/\/www.upslp.edu.mx\/upslp\/index.php?rest_route=\/wp\/v2\/users\/1"}],"replies":[{"embeddable":true,"href":"https:\/\/www.upslp.edu.mx\/upslp\/index.php?rest_route=%2Fwp%2Fv2%2Fcomments&post=8359"}],"version-history":[{"count":2,"href":"https:\/\/www.upslp.edu.mx\/upslp\/index.php?rest_route=\/wp\/v2\/posts\/8359\/revisions"}],"predecessor-version":[{"id":8366,"href":"https:\/\/www.upslp.edu.mx\/upslp\/index.php?rest_route=\/wp\/v2\/posts\/8359\/revisions\/8366"}],"wp:attachment":[{"href":"https:\/\/www.upslp.edu.mx\/upslp\/index.php?rest_route=%2Fwp%2Fv2%2Fmedia&parent=8359"}],"wp:term":[{"taxonomy":"category","embeddable":true,"href":"https:\/\/www.upslp.edu.mx\/upslp\/index.php?rest_route=%2Fwp%2Fv2%2Fcategories&post=8359"},{"taxonomy":"post_tag","embeddable":true,"href":"https:\/\/www.upslp.edu.mx\/upslp\/index.php?rest_route=%2Fwp%2Fv2%2Ftags&post=8359"}],"curies":[{"name":"wp","href":"https:\/\/api.w.org\/{rel}","templated":true}]}}