{"id":8506,"date":"2018-02-16T08:41:26","date_gmt":"2018-02-16T14:41:26","guid":{"rendered":"http:\/\/www.upslp.edu.mx\/upslp\/?p=8506"},"modified":"2018-02-16T08:41:26","modified_gmt":"2018-02-16T14:41:26","slug":"universidad-politecnica-de-san-luis-potosi-lleva-a-cabo-exitosa-feria-del-empleo-2018","status":"publish","type":"post","link":"https:\/\/www.upslp.edu.mx\/upslp\/?p=8506","title":{"rendered":"Universidad Polit\u00e9cnica de San Luis Potos\u00ed lleva a cabo exitosa Feria del Empleo 2018"},"content":{"rendered":"<p style=\"text-align: justify;\">El pasado viernes 9 de febrero, y por segundo a\u00f1o consecutivo, la Universidad Polit\u00e9cnica de San Luis Potos\u00ed (UPSLP) llev\u00f3 a cabo la Segunda Feria del Empleo, a la cual asistieron m\u00e1s de 40 empresas de diferentes giros con una oferta mayor a 600 vacantes de empleo y pr\u00e1cticas profesionales para estudiantes y egresados de esta instituci\u00f3n.<\/p>\n<p style=\"text-align: justify;\">En este importante evento, participaron empresas reconocidas internacionalmente como: Bosch, BMW, DR\u00c4XLMAIER, General Motors, Mabe, Tighitco Latinoam\u00e9rica, Midori Auto Leather, Cummins, Valeo Alternadores y Marchas, Valeo Wipers, Honeywell, Keihin, Heineken, Hirotec, Daikin, Pilgrim\u00b4s Pride, Cifunsa, SEL, entre otras, las cuales entrevistaron a estudiantes y egresados de las diferentes carreras de la Universidad Polit\u00e9cnica.<\/p>\n<p style=\"text-align: justify;\">La participaci\u00f3n de importantes empresas en esta feria es resultado de la estrecha vinculaci\u00f3n que esta Casa de Estudios mantiene desde sus inicios con el sector productivo y que se ha mantenido a lo largo de los a\u00f1os, cimentada en el buen trabajo que desempe\u00f1an nuestros estudiantes y egresados dentro de las empresas, por lo que contin\u00faan en b\u00fasqueda de m\u00e1s talento Polit\u00e9cnico.<\/p>\n<p style=\"text-align: justify;\">Con eventos como la Feria del Empleo se fortalece el \u00edndice de empleabilidad de los egresados de la UPSLP, el cual se ubica entre el 86% y el 95%, lo cual indica que \u00e9stos se colocan en el mercado laboral en un lapso de 3 meses lo cual representa un gran logro para los egresados y sus familias.<\/p>\n<p style=\"text-align: justify;\">En esta Segunda Feria del Empleo de la Universidad Polit\u00e9cnica de San Luis Potos\u00ed los estudiantes y egresados de las carreras de Ingenier\u00eda en Telem\u00e1tica (ITEM), Ingenier\u00eda en Tecnolog\u00edas de la Informaci\u00f3n (ITI), Ingenier\u00eda en Sistemas y Tecnolog\u00edas Industriales (ISTI), Ingenier\u00eda en Tecnolog\u00edas de Manufactura (ITMA), Licenciatura en Administraci\u00f3n y Gesti\u00f3n (LAG) y Licenciatura en Mercadotecnia Internacional (LMI) tuvieron acceso a una gran cantidad de oportunidades de insertarse y colaborar en empresas reconocidas internacionalmente.<\/p>\n<p style=\"text-align: justify;\">Agradecemos la activa participaci\u00f3n de nuestra comunidad universitaria en la Segunda Feria del Empleo y los esperamos en una tercera edici\u00f3n del evento.<\/p>\n<p style=\"text-align: justify;\">\n\n\t\t<style type=\"text\/css\">\n\t\t\t#gallery-1 {\n\t\t\t\tmargin: auto;\n\t\t\t}\n\t\t\t#gallery-1 .gallery-item {\n\t\t\t\tfloat: left;\n\t\t\t\tmargin-top: 10px;\n\t\t\t\ttext-align: center;\n\t\t\t\twidth: 33%;\n\t\t\t}\n\t\t\t#gallery-1 img {\n\t\t\t\tborder: 2px solid #cfcfcf;\n\t\t\t}\n\t\t\t#gallery-1 .gallery-caption {\n\t\t\t\tmargin-left: 0;\n\t\t\t}\n\t\t\t\/* see gallery_shortcode() in wp-includes\/media.php *\/\n\t\t<\/style>\n\t\t<div id='gallery-1' class='gallery galleryid-8506 gallery-columns-3 gallery-size-thumbnail'><dl class='gallery-item'>\n\t\t\t<dt class='gallery-icon landscape'>\n\t\t\t\t<a href='https:\/\/www.upslp.edu.mx\/upslp\/wp-content\/uploads\/2018\/02\/9-feb-Feria-del-Empleo-2.jpg'><img loading=\"lazy\" decoding=\"async\" width=\"150\" height=\"100\" src=\"https:\/\/www.upslp.edu.mx\/upslp\/wp-content\/uploads\/2018\/02\/9-feb-Feria-del-Empleo-2.jpg\" class=\"attachment-thumbnail size-thumbnail\" alt=\"\" \/><\/a>\n\t\t\t<\/dt><\/dl><dl class='gallery-item'>\n\t\t\t<dt class='gallery-icon landscape'>\n\t\t\t\t<a href='https:\/\/www.upslp.edu.mx\/upslp\/wp-content\/uploads\/2018\/02\/9-feb-Feria-del-Empleo-5.jpg'><img loading=\"lazy\" decoding=\"async\" width=\"150\" height=\"100\" src=\"https:\/\/www.upslp.edu.mx\/upslp\/wp-content\/uploads\/2018\/02\/9-feb-Feria-del-Empleo-5.jpg\" class=\"attachment-thumbnail size-thumbnail\" alt=\"\" \/><\/a>\n\t\t\t<\/dt><\/dl><dl class='gallery-item'>\n\t\t\t<dt class='gallery-icon landscape'>\n\t\t\t\t<a href='https:\/\/www.upslp.edu.mx\/upslp\/wp-content\/uploads\/2018\/02\/9-feb-Feria-del-Empleo-17.jpg'><img loading=\"lazy\" decoding=\"async\" width=\"150\" height=\"100\" src=\"https:\/\/www.upslp.edu.mx\/upslp\/wp-content\/uploads\/2018\/02\/9-feb-Feria-del-Empleo-17.jpg\" class=\"attachment-thumbnail size-thumbnail\" alt=\"\" \/><\/a>\n\t\t\t<\/dt><\/dl><br style=\"clear: both\" \/><dl class='gallery-item'>\n\t\t\t<dt class='gallery-icon landscape'>\n\t\t\t\t<a href='https:\/\/www.upslp.edu.mx\/upslp\/wp-content\/uploads\/2018\/02\/9-feb-Feria-del-Empleo-20.jpg'><img loading=\"lazy\" decoding=\"async\" width=\"150\" height=\"100\" src=\"https:\/\/www.upslp.edu.mx\/upslp\/wp-content\/uploads\/2018\/02\/9-feb-Feria-del-Empleo-20.jpg\" class=\"attachment-thumbnail size-thumbnail\" alt=\"\" \/><\/a>\n\t\t\t<\/dt><\/dl><dl class='gallery-item'>\n\t\t\t<dt class='gallery-icon landscape'>\n\t\t\t\t<a href='https:\/\/www.upslp.edu.mx\/upslp\/wp-content\/uploads\/2018\/02\/9-feb-Feria-del-Empleo-21.jpg'><img loading=\"lazy\" decoding=\"async\" width=\"150\" height=\"100\" src=\"https:\/\/www.upslp.edu.mx\/upslp\/wp-content\/uploads\/2018\/02\/9-feb-Feria-del-Empleo-21.jpg\" class=\"attachment-thumbnail size-thumbnail\" alt=\"\" \/><\/a>\n\t\t\t<\/dt><\/dl><dl class='gallery-item'>\n\t\t\t<dt class='gallery-icon landscape'>\n\t\t\t\t<a href='https:\/\/www.upslp.edu.mx\/upslp\/wp-content\/uploads\/2018\/02\/9-feb-Feria-del-Empleo-31.jpg'><img loading=\"lazy\" decoding=\"async\" width=\"150\" height=\"100\" src=\"https:\/\/www.upslp.edu.mx\/upslp\/wp-content\/uploads\/2018\/02\/9-feb-Feria-del-Empleo-31.jpg\" class=\"attachment-thumbnail size-thumbnail\" alt=\"\" \/><\/a>\n\t\t\t<\/dt><\/dl><br style=\"clear: both\" \/><dl class='gallery-item'>\n\t\t\t<dt class='gallery-icon landscape'>\n\t\t\t\t<a href='https:\/\/www.upslp.edu.mx\/upslp\/wp-content\/uploads\/2018\/02\/9-feb-Feria-del-Empleo-32.jpg'><img loading=\"lazy\" decoding=\"async\" width=\"150\" height=\"100\" src=\"https:\/\/www.upslp.edu.mx\/upslp\/wp-content\/uploads\/2018\/02\/9-feb-Feria-del-Empleo-32.jpg\" class=\"attachment-thumbnail size-thumbnail\" alt=\"\" \/><\/a>\n\t\t\t<\/dt><\/dl><dl class='gallery-item'>\n\t\t\t<dt class='gallery-icon landscape'>\n\t\t\t\t<a href='https:\/\/www.upslp.edu.mx\/upslp\/wp-content\/uploads\/2018\/02\/9-feb-Feria-del-Empleo-34.jpg'><img loading=\"lazy\" decoding=\"async\" width=\"150\" height=\"100\" src=\"https:\/\/www.upslp.edu.mx\/upslp\/wp-content\/uploads\/2018\/02\/9-feb-Feria-del-Empleo-34.jpg\" class=\"attachment-thumbnail size-thumbnail\" alt=\"\" \/><\/a>\n\t\t\t<\/dt><\/dl><dl class='gallery-item'>\n\t\t\t<dt class='gallery-icon landscape'>\n\t\t\t\t<a href='https:\/\/www.upslp.edu.mx\/upslp\/wp-content\/uploads\/2018\/02\/9-feb-Feria-del-Empleo-38.jpg'><img loading=\"lazy\" decoding=\"async\" width=\"150\" height=\"100\" src=\"https:\/\/www.upslp.edu.mx\/upslp\/wp-content\/uploads\/2018\/02\/9-feb-Feria-del-Empleo-38.jpg\" class=\"attachment-thumbnail size-thumbnail\" alt=\"\" \/><\/a>\n\t\t\t<\/dt><\/dl><br style=\"clear: both\" \/>\n\t\t<\/div>\n\n","protected":false},"excerpt":{"rendered":"<p>El pasado viernes 9 de febrero, y por segundo a\u00f1o consecutivo, la Universidad Polit\u00e9cnica [&hellip;]<\/p>\n","protected":false},"author":1,"featured_media":0,"comment_status":"closed","ping_status":"closed","sticky":false,"template":"","format":"standard","meta":{"footnotes":""},"categories":[3],"tags":[],"_links":{"self":[{"href":"https:\/\/www.upslp.edu.mx\/upslp\/index.php?rest_route=\/wp\/v2\/posts\/8506"}],"collection":[{"href":"https:\/\/www.upslp.edu.mx\/upslp\/index.php?rest_route=\/wp\/v2\/posts"}],"about":[{"href":"https:\/\/www.upslp.edu.mx\/upslp\/index.php?rest_route=\/wp\/v2\/types\/post"}],"author":[{"embeddable":true,"href":"https:\/\/www.upslp.edu.mx\/upslp\/index.php?rest_route=\/wp\/v2\/users\/1"}],"replies":[{"embeddable":true,"href":"https:\/\/www.upslp.edu.mx\/upslp\/index.php?rest_route=%2Fwp%2Fv2%2Fcomments&post=8506"}],"version-history":[{"count":1,"href":"https:\/\/www.upslp.edu.mx\/upslp\/index.php?rest_route=\/wp\/v2\/posts\/8506\/revisions"}],"predecessor-version":[{"id":8516,"href":"https:\/\/www.upslp.edu.mx\/upslp\/index.php?rest_route=\/wp\/v2\/posts\/8506\/revisions\/8516"}],"wp:attachment":[{"href":"https:\/\/www.upslp.edu.mx\/upslp\/index.php?rest_route=%2Fwp%2Fv2%2Fmedia&parent=8506"}],"wp:term":[{"taxonomy":"category","embeddable":true,"href":"https:\/\/www.upslp.edu.mx\/upslp\/index.php?rest_route=%2Fwp%2Fv2%2Fcategories&post=8506"},{"taxonomy":"post_tag","embeddable":true,"href":"https:\/\/www.upslp.edu.mx\/upslp\/index.php?rest_route=%2Fwp%2Fv2%2Ftags&post=8506"}],"curies":[{"name":"wp","href":"https:\/\/api.w.org\/{rel}","templated":true}]}}