{"id":8521,"date":"2018-02-20T15:54:01","date_gmt":"2018-02-20T21:54:01","guid":{"rendered":"http:\/\/www.upslp.edu.mx\/upslp\/?p=8521"},"modified":"2018-02-20T15:54:01","modified_gmt":"2018-02-20T21:54:01","slug":"develan-el-logo-de-la-decimo-cuarta-semana-de-administracion-y-gestion-de-la-universidad-politecnica-de-san-luis-potosi","status":"publish","type":"post","link":"https:\/\/www.upslp.edu.mx\/upslp\/?p=8521","title":{"rendered":"Develan el logo de la D\u00e9cimo Cuarta Semana de Administraci\u00f3n y Gesti\u00f3n de la Universidad Polit\u00e9cnica de San Luis Potos\u00ed"},"content":{"rendered":"<p style=\"text-align: justify;\">Como parte de las actividades que realizan los estudiantes del s\u00e9ptimo semestre de la Licenciatura en Administraci\u00f3n y Gesti\u00f3n de la Universidad Polit\u00e9cnica de San Luis Potos\u00ed (UPLSP), el jueves 8 de febrero del presente, se llev\u00f3 a cabo la presentaci\u00f3n del logotipo que representar\u00e1 la D\u00e9cimo Cuarta Semana de Administraci\u00f3n y Gesti\u00f3n. Lo anterior, en presencia de la comunidad estudiantil y de las autoridades de esta Casa de Estudios.<\/p>\n<p style=\"text-align: justify;\">La Semana de Administraci\u00f3n y Gesti\u00f3n es un proyecto que se realiza para potenciar \u00a0las habilidades y capacidades de gesti\u00f3n. Este a\u00f1o estar\u00e1 enfocada a la Gesti\u00f3n en la Innovaci\u00f3n de los Negocios orientada en 5 ejes principales: innovaci\u00f3n humana, innovaci\u00f3n estrat\u00e9gica, innovaci\u00f3n de producto, de procesos\u00a0 e innovaci\u00f3n social.\u00a0 El evento se conformar\u00e1 de talleres de capacitaci\u00f3n, conferencias magistrales y un panel de derechos humanos, donde se hablar\u00e1 con objetividad del desarrollo de ideas innovadoras enfocadas a ese tema. Adem\u00e1s, se contar\u00e1 con una Feria de la Innovaci\u00f3n, en la cual las empresas ubicadas en San Luis Potos\u00ed podr\u00e1n exponer un producto o servicio ante el p\u00fablico asistente.<\/p>\n<p style=\"text-align: justify;\">El presidente de la D\u00e9cimo Cuarta Semana de Administraci\u00f3n, Manuel \u00c1vila, expres\u00f3 que la innovaci\u00f3n puede reflejarse de diferentes maneras y que la intenci\u00f3n es hablar sobre este proceso, recalc\u00f3 tambi\u00e9n que el principal inter\u00e9s de esta generaci\u00f3n es que todas las personas al ver el logo encuentren no solamente el trabajo realizado y las horas de esfuerzo trabajadas sino tambi\u00e9n una parte de su identidad.<\/p>\n<p style=\"text-align: justify;\">En su mensaje, el rector de la UPSLP, Mtro. Francisco Javier Delgado Rojas agradeci\u00f3 a los estudiantes y al Comit\u00e9 Organizador por su entusiasmo y las ganas de trabajar en la organizaci\u00f3n de este proyecto. Destac\u00f3 que la tem\u00e1tica y los ejes sobre los que van a trabajar son el resultado de un proceso bien estructurado, en donde hicieron un an\u00e1lisis detallado de cada una de las\u00a0 tem\u00e1ticas abarcando todos los aspectos de la innovaci\u00f3n en los negocios. Felicit\u00f3 a la comunidad estudiantil por hacer posible el prop\u00f3sito de la Universidad Polit\u00e9cnica a trav\u00e9s de estas actividades y de su proyecci\u00f3n a futuro como l\u00edderes que har\u00e1n posibles todos esos cambios en la innovaci\u00f3n de los negocios. Por \u00faltimo reconoci\u00f3 el trabajo de la Academia de Administraci\u00f3n y Gesti\u00f3n, quienes han apoyado a los estudiantes para lograr que se realice con \u00e9xito este evento.<\/p>\n<p style=\"text-align: justify;\">Cabe mencionar que la D\u00e9cimo Cuarta Semana de Administraci\u00f3n y Gesti\u00f3n se realizar\u00e1 del 2 al 4 de mayo en las instalaciones de la UPSLP y espera la asistencia de 800 personas tanto de estudiantes de nuestra Universidad como de empresarios. Les deseamos el mayor de los \u00e9xitos.<\/p>\n<p style=\"text-align: justify;\">Para finalizar, los ganadores de la imagen para la Semana de Administraci\u00f3n, Alexis P\u00e9rez y Fernanda Anaya junto con el Rector, presentaron el logotipo del evento, mismo que fue dise\u00f1ado\u00a0 con base en\u00a0 las conexiones que tienen entre el tema principal, los ejes de trabajo y las personas, integrando un aprendizaje y formando el n\u00famero 14<\/p>\n<p style=\"text-align: justify;\">\n\n\t\t<style type=\"text\/css\">\n\t\t\t#gallery-1 {\n\t\t\t\tmargin: auto;\n\t\t\t}\n\t\t\t#gallery-1 .gallery-item {\n\t\t\t\tfloat: left;\n\t\t\t\tmargin-top: 10px;\n\t\t\t\ttext-align: center;\n\t\t\t\twidth: 25%;\n\t\t\t}\n\t\t\t#gallery-1 img {\n\t\t\t\tborder: 2px solid #cfcfcf;\n\t\t\t}\n\t\t\t#gallery-1 .gallery-caption {\n\t\t\t\tmargin-left: 0;\n\t\t\t}\n\t\t\t\/* see gallery_shortcode() in wp-includes\/media.php *\/\n\t\t<\/style>\n\t\t<div id='gallery-1' class='gallery galleryid-8521 gallery-columns-4 gallery-size-thumbnail'><dl class='gallery-item'>\n\t\t\t<dt class='gallery-icon landscape'>\n\t\t\t\t<a href='https:\/\/www.upslp.edu.mx\/upslp\/wp-content\/uploads\/2018\/02\/8-feb-Revelacion-Logo-Semana-LAG-2.jpg'><img loading=\"lazy\" decoding=\"async\" width=\"150\" height=\"98\" src=\"https:\/\/www.upslp.edu.mx\/upslp\/wp-content\/uploads\/2018\/02\/8-feb-Revelacion-Logo-Semana-LAG-2.jpg\" class=\"attachment-thumbnail size-thumbnail\" alt=\"\" \/><\/a>\n\t\t\t<\/dt><\/dl><dl class='gallery-item'>\n\t\t\t<dt class='gallery-icon landscape'>\n\t\t\t\t<a href='https:\/\/www.upslp.edu.mx\/upslp\/wp-content\/uploads\/2018\/02\/8-feb-Revelacion-Logo-Semana-LAG-3.jpg'><img loading=\"lazy\" decoding=\"async\" width=\"150\" height=\"98\" src=\"https:\/\/www.upslp.edu.mx\/upslp\/wp-content\/uploads\/2018\/02\/8-feb-Revelacion-Logo-Semana-LAG-3.jpg\" class=\"attachment-thumbnail size-thumbnail\" alt=\"\" \/><\/a>\n\t\t\t<\/dt><\/dl><dl class='gallery-item'>\n\t\t\t<dt class='gallery-icon landscape'>\n\t\t\t\t<a href='https:\/\/www.upslp.edu.mx\/upslp\/wp-content\/uploads\/2018\/02\/8-feb-Revelacion-Logo-Semana-LAG-4.jpg'><img loading=\"lazy\" decoding=\"async\" width=\"150\" height=\"98\" src=\"https:\/\/www.upslp.edu.mx\/upslp\/wp-content\/uploads\/2018\/02\/8-feb-Revelacion-Logo-Semana-LAG-4.jpg\" class=\"attachment-thumbnail size-thumbnail\" alt=\"\" \/><\/a>\n\t\t\t<\/dt><\/dl><dl class='gallery-item'>\n\t\t\t<dt class='gallery-icon landscape'>\n\t\t\t\t<a href='https:\/\/www.upslp.edu.mx\/upslp\/wp-content\/uploads\/2018\/02\/8-feb-Revelacion-Logo-Semana-LAG-10.jpg'><img loading=\"lazy\" decoding=\"async\" width=\"150\" height=\"98\" src=\"https:\/\/www.upslp.edu.mx\/upslp\/wp-content\/uploads\/2018\/02\/8-feb-Revelacion-Logo-Semana-LAG-10.jpg\" class=\"attachment-thumbnail size-thumbnail\" alt=\"\" \/><\/a>\n\t\t\t<\/dt><\/dl><br style=\"clear: both\" \/><dl class='gallery-item'>\n\t\t\t<dt class='gallery-icon landscape'>\n\t\t\t\t<a href='https:\/\/www.upslp.edu.mx\/upslp\/wp-content\/uploads\/2018\/02\/8-feb-Revelacion-Logo-Semana-LAG-18.jpg'><img loading=\"lazy\" decoding=\"async\" width=\"150\" height=\"98\" src=\"https:\/\/www.upslp.edu.mx\/upslp\/wp-content\/uploads\/2018\/02\/8-feb-Revelacion-Logo-Semana-LAG-18.jpg\" class=\"attachment-thumbnail size-thumbnail\" alt=\"\" \/><\/a>\n\t\t\t<\/dt><\/dl><dl class='gallery-item'>\n\t\t\t<dt class='gallery-icon landscape'>\n\t\t\t\t<a href='https:\/\/www.upslp.edu.mx\/upslp\/wp-content\/uploads\/2018\/02\/8-feb-Revelacion-Logo-Semana-LAG-19.jpg'><img loading=\"lazy\" decoding=\"async\" width=\"150\" height=\"98\" src=\"https:\/\/www.upslp.edu.mx\/upslp\/wp-content\/uploads\/2018\/02\/8-feb-Revelacion-Logo-Semana-LAG-19.jpg\" class=\"attachment-thumbnail size-thumbnail\" alt=\"\" \/><\/a>\n\t\t\t<\/dt><\/dl><dl class='gallery-item'>\n\t\t\t<dt class='gallery-icon landscape'>\n\t\t\t\t<a href='https:\/\/www.upslp.edu.mx\/upslp\/wp-content\/uploads\/2018\/02\/8-feb-Revelacion-Logo-Semana-LAG-20.jpg'><img loading=\"lazy\" decoding=\"async\" width=\"150\" height=\"98\" src=\"https:\/\/www.upslp.edu.mx\/upslp\/wp-content\/uploads\/2018\/02\/8-feb-Revelacion-Logo-Semana-LAG-20.jpg\" class=\"attachment-thumbnail size-thumbnail\" alt=\"\" \/><\/a>\n\t\t\t<\/dt><\/dl><dl class='gallery-item'>\n\t\t\t<dt class='gallery-icon landscape'>\n\t\t\t\t<a href='https:\/\/www.upslp.edu.mx\/upslp\/wp-content\/uploads\/2018\/02\/8-feb-Revelacion-Logo-Semana-LAG-24.jpg'><img loading=\"lazy\" decoding=\"async\" width=\"150\" height=\"98\" src=\"https:\/\/www.upslp.edu.mx\/upslp\/wp-content\/uploads\/2018\/02\/8-feb-Revelacion-Logo-Semana-LAG-24.jpg\" class=\"attachment-thumbnail size-thumbnail\" alt=\"\" \/><\/a>\n\t\t\t<\/dt><\/dl><br style=\"clear: both\" \/>\n\t\t<\/div>\n\n","protected":false},"excerpt":{"rendered":"<p>Como parte de las actividades que realizan los estudiantes del s\u00e9ptimo semestre de la [&hellip;]<\/p>\n","protected":false},"author":1,"featured_media":0,"comment_status":"closed","ping_status":"closed","sticky":false,"template":"","format":"standard","meta":{"footnotes":""},"categories":[3],"tags":[],"_links":{"self":[{"href":"https:\/\/www.upslp.edu.mx\/upslp\/index.php?rest_route=\/wp\/v2\/posts\/8521"}],"collection":[{"href":"https:\/\/www.upslp.edu.mx\/upslp\/index.php?rest_route=\/wp\/v2\/posts"}],"about":[{"href":"https:\/\/www.upslp.edu.mx\/upslp\/index.php?rest_route=\/wp\/v2\/types\/post"}],"author":[{"embeddable":true,"href":"https:\/\/www.upslp.edu.mx\/upslp\/index.php?rest_route=\/wp\/v2\/users\/1"}],"replies":[{"embeddable":true,"href":"https:\/\/www.upslp.edu.mx\/upslp\/index.php?rest_route=%2Fwp%2Fv2%2Fcomments&post=8521"}],"version-history":[{"count":1,"href":"https:\/\/www.upslp.edu.mx\/upslp\/index.php?rest_route=\/wp\/v2\/posts\/8521\/revisions"}],"predecessor-version":[{"id":8530,"href":"https:\/\/www.upslp.edu.mx\/upslp\/index.php?rest_route=\/wp\/v2\/posts\/8521\/revisions\/8530"}],"wp:attachment":[{"href":"https:\/\/www.upslp.edu.mx\/upslp\/index.php?rest_route=%2Fwp%2Fv2%2Fmedia&parent=8521"}],"wp:term":[{"taxonomy":"category","embeddable":true,"href":"https:\/\/www.upslp.edu.mx\/upslp\/index.php?rest_route=%2Fwp%2Fv2%2Fcategories&post=8521"},{"taxonomy":"post_tag","embeddable":true,"href":"https:\/\/www.upslp.edu.mx\/upslp\/index.php?rest_route=%2Fwp%2Fv2%2Ftags&post=8521"}],"curies":[{"name":"wp","href":"https:\/\/api.w.org\/{rel}","templated":true}]}}