{"id":8784,"date":"2018-04-18T15:50:14","date_gmt":"2018-04-18T20:50:14","guid":{"rendered":"http:\/\/www.upslp.edu.mx\/upslp\/?p=8784"},"modified":"2018-04-18T15:50:14","modified_gmt":"2018-04-18T20:50:14","slug":"convocan-al-20o-verano-de-la-ciencia-region-centro-en-la-universidad-politecnica-de-san-luis-potosi","status":"publish","type":"post","link":"https:\/\/www.upslp.edu.mx\/upslp\/?p=8784","title":{"rendered":"Convocan al 20\u00ba Verano de la Ciencia Regi\u00f3n Centro en la Universidad Polit\u00e9cnica de San Luis Potos\u00ed"},"content":{"rendered":"<p style=\"text-align: justify;\">La Universidad Polit\u00e9cnica\u00a0 de San Luis Potos\u00ed (UPSLP), a trav\u00e9s de la Academia de Ciencias, convoca a la comunidad estudiantil a participar en el Verano de la Ciencia Regi\u00f3n Centro, en su edici\u00f3n 20, el cual se llevar\u00e1 a cabo del 1\u00ba de junio al 3 de agosto del presente a\u00f1o con la participaci\u00f3n de profesores, investigadores y estudiantes de los estados de San Luis Potos\u00ed, Aguascalientes, Coahuila, Guanajuato, Quer\u00e9taro y Zacatecas.<\/p>\n<p style=\"text-align: justify;\">El Verano de la Ciencia Regi\u00f3n Centro, es una alternativa para que los j\u00f3venes tengan un espacio acad\u00e9mico ideal para conocer las actividades distintivas del quehacer de la ciencia, tecnolog\u00eda e innovaci\u00f3n. Como cada a\u00f1o, la UPSLP se integra a estas actividades cient\u00edficas que consisten en una estancia de investigaci\u00f3n de cinco semanas, donde los estudiantes colaboran en un proyecto bajo la supervisi\u00f3n de un profesor investigador.<\/p>\n<p style=\"text-align: justify;\">El objetivo, es propiciar la interacci\u00f3n entre investigadores activos y estudiantes de nivel licenciatura con vocaci\u00f3n en la ciencia, tecnolog\u00eda e innovaci\u00f3n, as\u00ed como motivar y habilitar la incorporaci\u00f3n de las metodolog\u00edas, herramientas y habilidades propias del quehacer de estas ramas del conocimiento dentro del proceso formativo de los j\u00f3venes. Adem\u00e1s, se les invita para que, al terminar su licenciatura, se incorporen a un programa de posgrado de calidad.<\/p>\n<p style=\"text-align: justify;\">En el Verano de la Ciencia puede participar todo el alumnado de nivel licenciatura que haya cursado al menos el 50% de su programa acad\u00e9mico y que tenga promedio general de 8.0 como m\u00ednimo. La convocatoria estar\u00e1 abierta hasta el lunes 30 de abril. Para mayores informes, los estudiantes pueden dirigirse con el Mtro. Mart\u00edn Hern\u00e1ndez Sustaita al correo <a href=\"mailto:martin.hernandez@upslp.edu.mx\">martin.hernandez@upslp.edu.mx<\/a> \u00f3 en el cub\u00edculo 62 del edificio UAM2 . Tambi\u00e9n pueden visitar la p\u00e1gina oficial: <a href=\"http:\/\/www.veranoregional.mx\/\">http:\/\/www.veranoregional.mx<\/a><\/p>\n<p style=\"text-align: justify;\">\n\n\t\t<style type=\"text\/css\">\n\t\t\t#gallery-1 {\n\t\t\t\tmargin: auto;\n\t\t\t}\n\t\t\t#gallery-1 .gallery-item {\n\t\t\t\tfloat: left;\n\t\t\t\tmargin-top: 10px;\n\t\t\t\ttext-align: center;\n\t\t\t\twidth: 20%;\n\t\t\t}\n\t\t\t#gallery-1 img {\n\t\t\t\tborder: 2px solid #cfcfcf;\n\t\t\t}\n\t\t\t#gallery-1 .gallery-caption {\n\t\t\t\tmargin-left: 0;\n\t\t\t}\n\t\t\t\/* see gallery_shortcode() in wp-includes\/media.php *\/\n\t\t<\/style>\n\t\t<div id='gallery-1' class='gallery galleryid-8784 gallery-columns-5 gallery-size-thumbnail'><dl class='gallery-item'>\n\t\t\t<dt class='gallery-icon landscape'>\n\t\t\t\t<a href='https:\/\/www.upslp.edu.mx\/upslp\/wp-content\/uploads\/2018\/04\/Foto2-Seminario-avance-V-ciencia-06-07-2017.jpg'><img loading=\"lazy\" decoding=\"async\" width=\"150\" height=\"113\" src=\"https:\/\/www.upslp.edu.mx\/upslp\/wp-content\/uploads\/2018\/04\/Foto2-Seminario-avance-V-ciencia-06-07-2017.jpg\" class=\"attachment-thumbnail size-thumbnail\" alt=\"\" \/><\/a>\n\t\t\t<\/dt><\/dl><dl class='gallery-item'>\n\t\t\t<dt class='gallery-icon landscape'>\n\t\t\t\t<a href='https:\/\/www.upslp.edu.mx\/upslp\/wp-content\/uploads\/2018\/04\/Foto3-Taller-de-Cartel-Cientifico-04-07-2017.jpg'><img loading=\"lazy\" decoding=\"async\" width=\"150\" height=\"113\" src=\"https:\/\/www.upslp.edu.mx\/upslp\/wp-content\/uploads\/2018\/04\/Foto3-Taller-de-Cartel-Cientifico-04-07-2017.jpg\" class=\"attachment-thumbnail size-thumbnail\" alt=\"\" \/><\/a>\n\t\t\t<\/dt><\/dl><dl class='gallery-item'>\n\t\t\t<dt class='gallery-icon landscape'>\n\t\t\t\t<a href='https:\/\/www.upslp.edu.mx\/upslp\/wp-content\/uploads\/2018\/04\/Foto4-Seminario-avance-V-ciencia-29-06-2017.jpg'><img loading=\"lazy\" decoding=\"async\" width=\"150\" height=\"113\" src=\"https:\/\/www.upslp.edu.mx\/upslp\/wp-content\/uploads\/2018\/04\/Foto4-Seminario-avance-V-ciencia-29-06-2017.jpg\" class=\"attachment-thumbnail size-thumbnail\" alt=\"\" \/><\/a>\n\t\t\t<\/dt><\/dl><dl class='gallery-item'>\n\t\t\t<dt class='gallery-icon landscape'>\n\t\t\t\t<a href='https:\/\/www.upslp.edu.mx\/upslp\/wp-content\/uploads\/2018\/04\/Verano-de-la-ciencia-2018.jpg'><img loading=\"lazy\" decoding=\"async\" width=\"150\" height=\"79\" src=\"https:\/\/www.upslp.edu.mx\/upslp\/wp-content\/uploads\/2018\/04\/Verano-de-la-ciencia-2018.jpg\" class=\"attachment-thumbnail size-thumbnail\" alt=\"\" \/><\/a>\n\t\t\t<\/dt><\/dl><dl class='gallery-item'>\n\t\t\t<dt class='gallery-icon landscape'>\n\t\t\t\t<a href='https:\/\/www.upslp.edu.mx\/upslp\/wp-content\/uploads\/2018\/04\/Verano-de-la-ciencia-visita-BOCSH.jpg'><img loading=\"lazy\" decoding=\"async\" width=\"150\" height=\"84\" src=\"https:\/\/www.upslp.edu.mx\/upslp\/wp-content\/uploads\/2018\/04\/Verano-de-la-ciencia-visita-BOCSH.jpg\" class=\"attachment-thumbnail size-thumbnail\" alt=\"\" \/><\/a>\n\t\t\t<\/dt><\/dl><br style=\"clear: both\" \/>\n\t\t<\/div>\n\n","protected":false},"excerpt":{"rendered":"<p>La Universidad Polit\u00e9cnica\u00a0 de San Luis Potos\u00ed (UPSLP), a trav\u00e9s de la Academia de [&hellip;]<\/p>\n","protected":false},"author":1,"featured_media":0,"comment_status":"closed","ping_status":"closed","sticky":false,"template":"","format":"standard","meta":{"footnotes":""},"categories":[3],"tags":[],"_links":{"self":[{"href":"https:\/\/www.upslp.edu.mx\/upslp\/index.php?rest_route=\/wp\/v2\/posts\/8784"}],"collection":[{"href":"https:\/\/www.upslp.edu.mx\/upslp\/index.php?rest_route=\/wp\/v2\/posts"}],"about":[{"href":"https:\/\/www.upslp.edu.mx\/upslp\/index.php?rest_route=\/wp\/v2\/types\/post"}],"author":[{"embeddable":true,"href":"https:\/\/www.upslp.edu.mx\/upslp\/index.php?rest_route=\/wp\/v2\/users\/1"}],"replies":[{"embeddable":true,"href":"https:\/\/www.upslp.edu.mx\/upslp\/index.php?rest_route=%2Fwp%2Fv2%2Fcomments&post=8784"}],"version-history":[{"count":1,"href":"https:\/\/www.upslp.edu.mx\/upslp\/index.php?rest_route=\/wp\/v2\/posts\/8784\/revisions"}],"predecessor-version":[{"id":8790,"href":"https:\/\/www.upslp.edu.mx\/upslp\/index.php?rest_route=\/wp\/v2\/posts\/8784\/revisions\/8790"}],"wp:attachment":[{"href":"https:\/\/www.upslp.edu.mx\/upslp\/index.php?rest_route=%2Fwp%2Fv2%2Fmedia&parent=8784"}],"wp:term":[{"taxonomy":"category","embeddable":true,"href":"https:\/\/www.upslp.edu.mx\/upslp\/index.php?rest_route=%2Fwp%2Fv2%2Fcategories&post=8784"},{"taxonomy":"post_tag","embeddable":true,"href":"https:\/\/www.upslp.edu.mx\/upslp\/index.php?rest_route=%2Fwp%2Fv2%2Ftags&post=8784"}],"curies":[{"name":"wp","href":"https:\/\/api.w.org\/{rel}","templated":true}]}}