{"id":9308,"date":"2018-06-11T16:43:18","date_gmt":"2018-06-11T21:43:18","guid":{"rendered":"http:\/\/www.upslp.edu.mx\/upslp\/?p=9308"},"modified":"2018-06-11T16:43:18","modified_gmt":"2018-06-11T21:43:18","slug":"la-universidad-politecnica-de-san-luis-potosi-recibe-a-embajador-de-costa-de-marfil","status":"publish","type":"post","link":"https:\/\/www.upslp.edu.mx\/upslp\/?p=9308","title":{"rendered":"La Universidad Polit\u00e9cnica de San Luis Potos\u00ed  recibe a embajador de Costa de Marfil"},"content":{"rendered":"<p style=\"text-align: justify;\">El lunes 4 de junio, la Universidad Polit\u00e9cnica de San Luis Potos\u00ed tuvo el honor de recibir al embajador de la Rep\u00fablica de Costa de Marfil en M\u00e9xico, Robert Dj\u00e9rou LY, quien estuvo de visita en la capital potosina con el objetivo de establecer acuerdos de cooperaci\u00f3n en materia de educaci\u00f3n superior. Estuvo acompa\u00f1ado del Secretario de Educaci\u00f3n de Gobierno del Estado, Ing. Joel Ram\u00edrez D\u00edaz y del Director de Educaci\u00f3n Media y Superior, Lic. Jos\u00e9 Antonio Bonales Rojas.<\/p>\n<p style=\"text-align: justify;\">El embajador del pa\u00eds africano fue recibido por el rector de la Universidad Polit\u00e9cnica, Mtro. Francisco Javier Delgado Rojas y el vicerrector acad\u00e9mico, Dr. Francisco Rafael Rostro Contreras quienes lo invitaron a conocer el Centro de Manufactura Avanzada (CMA) de esta Casa de Estudios. En el recorrido, visitaron los diferentes laboratorios especializados que est\u00e1n a disposici\u00f3n de los estudiantes del Programa Educativo de Ingenier\u00eda en Tecnolog\u00edas de Manufactura. El Mtro. Francisco Javier Delgado Rojas explic\u00f3 que el CMA es el primer Centro FACT (Festo Authorized and Certified Training Center) de nuestro pa\u00eds, y que la alta calidad del equipo le permite ofrecer servicios de formaci\u00f3n de capital humano en disciplinas de Automatizaci\u00f3n y Manufactura.<\/p>\n<p style=\"text-align: justify;\">El rector present\u00f3 tambi\u00e9n el modelo acad\u00e9mico de la UPSLP, el cual impulsa el desarrollo integral y de competencias de los estudiantes a trav\u00e9s de certificaciones respaldadas por organismos externos. Expuso tambi\u00e9n la metodolog\u00eda y logros del Programa de Formaci\u00f3n Dual Universidad-Empresa de la UPSLP, el cual result\u00f3 de especial inter\u00e9s para el embajador ya que consider\u00f3 importante que los estudiantes adquieran todo el conocimiento te\u00f3rico &#8211; pr\u00e1ctico y que, adem\u00e1s, obtengan experiencia laboral en empresas trasnacionales, lo cual se ve reflejado en mejores \u00edndices de empleabilidad en los estudiantes que participan en dicho programa.<\/p>\n<p style=\"text-align: justify;\">Al terminar su visita, el embajador de Costa de Marfil se mostr\u00f3 gratamente sorprendido por la infraestructura de la UPSLP y expres\u00f3 su deseo de estrechar lazos de cooperaci\u00f3n para lo cual el rector le comunic\u00f3 que dicho deseo es rec\u00edproco.<\/p>\n<p style=\"text-align: justify;\">\n\n\t\t<style type=\"text\/css\">\n\t\t\t#gallery-1 {\n\t\t\t\tmargin: auto;\n\t\t\t}\n\t\t\t#gallery-1 .gallery-item {\n\t\t\t\tfloat: left;\n\t\t\t\tmargin-top: 10px;\n\t\t\t\ttext-align: center;\n\t\t\t\twidth: 25%;\n\t\t\t}\n\t\t\t#gallery-1 img {\n\t\t\t\tborder: 2px solid #cfcfcf;\n\t\t\t}\n\t\t\t#gallery-1 .gallery-caption {\n\t\t\t\tmargin-left: 0;\n\t\t\t}\n\t\t\t\/* see gallery_shortcode() in wp-includes\/media.php *\/\n\t\t<\/style>\n\t\t<div id='gallery-1' class='gallery galleryid-9308 gallery-columns-4 gallery-size-thumbnail'><dl class='gallery-item'>\n\t\t\t<dt class='gallery-icon landscape'>\n\t\t\t\t<a href='https:\/\/www.upslp.edu.mx\/upslp\/wp-content\/uploads\/2018\/06\/4-junio-Visita-embajador-Costa-de-Marfil-1.jpg'><img loading=\"lazy\" decoding=\"async\" width=\"150\" height=\"97\" src=\"https:\/\/www.upslp.edu.mx\/upslp\/wp-content\/uploads\/2018\/06\/4-junio-Visita-embajador-Costa-de-Marfil-1.jpg\" class=\"attachment-thumbnail size-thumbnail\" alt=\"\" \/><\/a>\n\t\t\t<\/dt><\/dl><dl class='gallery-item'>\n\t\t\t<dt class='gallery-icon landscape'>\n\t\t\t\t<a href='https:\/\/www.upslp.edu.mx\/upslp\/wp-content\/uploads\/2018\/06\/4-junio-Visita-embajador-Costa-de-Marfil-2.jpg'><img loading=\"lazy\" decoding=\"async\" width=\"150\" height=\"113\" src=\"https:\/\/www.upslp.edu.mx\/upslp\/wp-content\/uploads\/2018\/06\/4-junio-Visita-embajador-Costa-de-Marfil-2.jpg\" class=\"attachment-thumbnail size-thumbnail\" alt=\"\" \/><\/a>\n\t\t\t<\/dt><\/dl><dl class='gallery-item'>\n\t\t\t<dt class='gallery-icon landscape'>\n\t\t\t\t<a href='https:\/\/www.upslp.edu.mx\/upslp\/wp-content\/uploads\/2018\/06\/4-junio-Visita-embajador-Costa-de-Marfil-4.jpg'><img loading=\"lazy\" decoding=\"async\" width=\"150\" height=\"113\" src=\"https:\/\/www.upslp.edu.mx\/upslp\/wp-content\/uploads\/2018\/06\/4-junio-Visita-embajador-Costa-de-Marfil-4.jpg\" class=\"attachment-thumbnail size-thumbnail\" alt=\"\" \/><\/a>\n\t\t\t<\/dt><\/dl><dl class='gallery-item'>\n\t\t\t<dt class='gallery-icon landscape'>\n\t\t\t\t<a href='https:\/\/www.upslp.edu.mx\/upslp\/wp-content\/uploads\/2018\/06\/4-junio-Visita-embajador-Costa-de-Marfil-5.jpg'><img loading=\"lazy\" decoding=\"async\" width=\"150\" height=\"113\" src=\"https:\/\/www.upslp.edu.mx\/upslp\/wp-content\/uploads\/2018\/06\/4-junio-Visita-embajador-Costa-de-Marfil-5.jpg\" class=\"attachment-thumbnail size-thumbnail\" alt=\"\" \/><\/a>\n\t\t\t<\/dt><\/dl><br style=\"clear: both\" \/><dl class='gallery-item'>\n\t\t\t<dt class='gallery-icon landscape'>\n\t\t\t\t<a href='https:\/\/www.upslp.edu.mx\/upslp\/wp-content\/uploads\/2018\/06\/4-junio-Visita-embajador-Costa-de-Marfil-7.jpg'><img loading=\"lazy\" decoding=\"async\" width=\"150\" height=\"113\" src=\"https:\/\/www.upslp.edu.mx\/upslp\/wp-content\/uploads\/2018\/06\/4-junio-Visita-embajador-Costa-de-Marfil-7.jpg\" class=\"attachment-thumbnail size-thumbnail\" alt=\"\" \/><\/a>\n\t\t\t<\/dt><\/dl><dl class='gallery-item'>\n\t\t\t<dt class='gallery-icon landscape'>\n\t\t\t\t<a href='https:\/\/www.upslp.edu.mx\/upslp\/wp-content\/uploads\/2018\/06\/4-junio-Visita-embajador-Costa-de-Marfil-9.jpg'><img loading=\"lazy\" decoding=\"async\" width=\"150\" height=\"118\" src=\"https:\/\/www.upslp.edu.mx\/upslp\/wp-content\/uploads\/2018\/06\/4-junio-Visita-embajador-Costa-de-Marfil-9.jpg\" class=\"attachment-thumbnail size-thumbnail\" alt=\"\" \/><\/a>\n\t\t\t<\/dt><\/dl><dl class='gallery-item'>\n\t\t\t<dt class='gallery-icon landscape'>\n\t\t\t\t<a href='https:\/\/www.upslp.edu.mx\/upslp\/wp-content\/uploads\/2018\/06\/4-junio-Visita-embajador-Costa-de-Marfil-11.jpg'><img loading=\"lazy\" decoding=\"async\" width=\"150\" height=\"113\" src=\"https:\/\/www.upslp.edu.mx\/upslp\/wp-content\/uploads\/2018\/06\/4-junio-Visita-embajador-Costa-de-Marfil-11.jpg\" class=\"attachment-thumbnail size-thumbnail\" alt=\"\" \/><\/a>\n\t\t\t<\/dt><\/dl>\n\t\t\t<br style='clear: both' \/>\n\t\t<\/div>\n\n","protected":false},"excerpt":{"rendered":"<p>El lunes 4 de junio, la Universidad Polit\u00e9cnica de San Luis Potos\u00ed tuvo el [&hellip;]<\/p>\n","protected":false},"author":1,"featured_media":0,"comment_status":"closed","ping_status":"closed","sticky":false,"template":"","format":"standard","meta":{"footnotes":""},"categories":[3],"tags":[],"_links":{"self":[{"href":"https:\/\/www.upslp.edu.mx\/upslp\/index.php?rest_route=\/wp\/v2\/posts\/9308"}],"collection":[{"href":"https:\/\/www.upslp.edu.mx\/upslp\/index.php?rest_route=\/wp\/v2\/posts"}],"about":[{"href":"https:\/\/www.upslp.edu.mx\/upslp\/index.php?rest_route=\/wp\/v2\/types\/post"}],"author":[{"embeddable":true,"href":"https:\/\/www.upslp.edu.mx\/upslp\/index.php?rest_route=\/wp\/v2\/users\/1"}],"replies":[{"embeddable":true,"href":"https:\/\/www.upslp.edu.mx\/upslp\/index.php?rest_route=%2Fwp%2Fv2%2Fcomments&post=9308"}],"version-history":[{"count":1,"href":"https:\/\/www.upslp.edu.mx\/upslp\/index.php?rest_route=\/wp\/v2\/posts\/9308\/revisions"}],"predecessor-version":[{"id":9316,"href":"https:\/\/www.upslp.edu.mx\/upslp\/index.php?rest_route=\/wp\/v2\/posts\/9308\/revisions\/9316"}],"wp:attachment":[{"href":"https:\/\/www.upslp.edu.mx\/upslp\/index.php?rest_route=%2Fwp%2Fv2%2Fmedia&parent=9308"}],"wp:term":[{"taxonomy":"category","embeddable":true,"href":"https:\/\/www.upslp.edu.mx\/upslp\/index.php?rest_route=%2Fwp%2Fv2%2Fcategories&post=9308"},{"taxonomy":"post_tag","embeddable":true,"href":"https:\/\/www.upslp.edu.mx\/upslp\/index.php?rest_route=%2Fwp%2Fv2%2Ftags&post=9308"}],"curies":[{"name":"wp","href":"https:\/\/api.w.org\/{rel}","templated":true}]}}