{"id":9351,"date":"2018-06-21T12:55:56","date_gmt":"2018-06-21T17:55:56","guid":{"rendered":"http:\/\/www.upslp.edu.mx\/upslp\/?p=9351"},"modified":"2018-06-21T12:55:56","modified_gmt":"2018-06-21T17:55:56","slug":"la-universidad-politecnica-de-san-luis-potosi-inicia-actividades-del-20o-verano-de-la-ciencia-region-centro","status":"publish","type":"post","link":"https:\/\/www.upslp.edu.mx\/upslp\/?p=9351","title":{"rendered":"La Universidad Polit\u00e9cnica de San Luis Potos\u00ed Inicia Actividades del 20\u00ba Verano de la Ciencia, Regi\u00f3n Centro"},"content":{"rendered":"<p style=\"text-align: justify;\">El pasado lunes 11 de junio, la Universidad Polit\u00e9cnica de San Luis Potos\u00ed (UPSLP) inici\u00f3 las actividades de la vig\u00e9sima edici\u00f3n del Verano de la Ciencia, Regi\u00f3n Centro, en la cual participan j\u00f3venes de nivel licenciatura de los estados de Aguascalientes, Coahuila, Guanajuato, Quer\u00e9taro, San Luis Potos\u00ed y Zacatecas.<\/p>\n<p style=\"text-align: justify;\">El Doctor Mart\u00edn Hern\u00e1ndez Sustaita, quien coordina las actividades del Verano de la Ciencia en la UPSLP, explic\u00f3 que este programa se lleva a cabo del 11 de junio al 13 de julio y que tiene, como uno de sus principales objetivos, acercar a estudiantes de educaci\u00f3n superior con profesores-investigadores, para con ello, convertirse en un espacio acad\u00e9mico en el cual colaboren en proyectos de investigaci\u00f3n para que desarrollen un mayor gusto por la ciencia.<\/p>\n<p style=\"text-align: justify;\">Durante la ceremonia inaugural, el Mtro. Francisco Javier Delgado Rojas, rector de la Universidad Polit\u00e9cnica de San Luis Potos\u00ed, recalc\u00f3 que la investigaci\u00f3n es cada vez m\u00e1s importante ya que nuestro pa\u00eds requiere de capital humano altamente capacitado para el desarrollo de procesos de innovaci\u00f3n y as\u00ed, alcanzar una mayor competitividad, y, por otro lado, que contribuya al crecimiento econ\u00f3mico y mejoramiento de la calidad de vida. \u00a0Destac\u00f3, adem\u00e1s, que en el Verano de la Ciencia se forman los futuros investigadores, quienes son profesionistas con la habilidad de desarrollar proyectos con s\u00f3lidos fundamentos t\u00e9cnicos, cient\u00edficos y metodol\u00f3gicos, que sean una importante aportaci\u00f3n a la sociedad. Para finalizar su mensaje, el rector de la UPSLP felicit\u00f3 a los docentes y estudiantes que estar\u00e1n participando en este programa, destacando la participaci\u00f3n de estudiantes de la Universidad Aut\u00f3noma de Coahuila, la Universidad Aut\u00f3noma de San Luis Potos\u00ed, el Instituto Tecnol\u00f3gico Superior de Irapuato, la Universidad Aut\u00f3noma Agraria Antonio Narro, el Instituto Tecnol\u00f3gico de Quer\u00e9taro y claro, de la Universidad Polit\u00e9cnica de San Luis Potos\u00ed.<\/p>\n<p style=\"text-align: justify;\">Durante la inauguraci\u00f3n, se cont\u00f3 tambi\u00e9n con la presencia del vicerrector acad\u00e9mico de la Universidad Polit\u00e9cnica de San Luis Potos\u00ed, Dr. Francisco Rafael Rostro Contreras y del coordinador de la Academia de Ciencias, Dr. Carlos Adri\u00e1n Arriaga Santos.<\/p>\n<p style=\"text-align: justify;\">\n\n\t\t<style type=\"text\/css\">\n\t\t\t#gallery-1 {\n\t\t\t\tmargin: auto;\n\t\t\t}\n\t\t\t#gallery-1 .gallery-item {\n\t\t\t\tfloat: left;\n\t\t\t\tmargin-top: 10px;\n\t\t\t\ttext-align: center;\n\t\t\t\twidth: 25%;\n\t\t\t}\n\t\t\t#gallery-1 img {\n\t\t\t\tborder: 2px solid #cfcfcf;\n\t\t\t}\n\t\t\t#gallery-1 .gallery-caption {\n\t\t\t\tmargin-left: 0;\n\t\t\t}\n\t\t\t\/* see gallery_shortcode() in wp-includes\/media.php *\/\n\t\t<\/style>\n\t\t<div id='gallery-1' class='gallery galleryid-9351 gallery-columns-4 gallery-size-thumbnail'><dl class='gallery-item'>\n\t\t\t<dt class='gallery-icon landscape'>\n\t\t\t\t<a href='https:\/\/www.upslp.edu.mx\/upslp\/wp-content\/uploads\/2018\/06\/11-junio-20o-Verano-de-la-Ciencia-01.jpg'><img loading=\"lazy\" decoding=\"async\" width=\"150\" height=\"112\" src=\"https:\/\/www.upslp.edu.mx\/upslp\/wp-content\/uploads\/2018\/06\/11-junio-20o-Verano-de-la-Ciencia-01.jpg\" class=\"attachment-thumbnail size-thumbnail\" alt=\"\" \/><\/a>\n\t\t\t<\/dt><\/dl><dl class='gallery-item'>\n\t\t\t<dt class='gallery-icon landscape'>\n\t\t\t\t<a href='https:\/\/www.upslp.edu.mx\/upslp\/wp-content\/uploads\/2018\/06\/11-junio-20o-Verano-de-la-Ciencia-2.jpg'><img loading=\"lazy\" decoding=\"async\" width=\"150\" height=\"112\" src=\"https:\/\/www.upslp.edu.mx\/upslp\/wp-content\/uploads\/2018\/06\/11-junio-20o-Verano-de-la-Ciencia-2.jpg\" class=\"attachment-thumbnail size-thumbnail\" alt=\"\" \/><\/a>\n\t\t\t<\/dt><\/dl><dl class='gallery-item'>\n\t\t\t<dt class='gallery-icon landscape'>\n\t\t\t\t<a href='https:\/\/www.upslp.edu.mx\/upslp\/wp-content\/uploads\/2018\/06\/11-junio-20o-Verano-de-la-Ciencia-3.jpg'><img loading=\"lazy\" decoding=\"async\" width=\"150\" height=\"112\" src=\"https:\/\/www.upslp.edu.mx\/upslp\/wp-content\/uploads\/2018\/06\/11-junio-20o-Verano-de-la-Ciencia-3.jpg\" class=\"attachment-thumbnail size-thumbnail\" alt=\"\" \/><\/a>\n\t\t\t<\/dt><\/dl><dl class='gallery-item'>\n\t\t\t<dt class='gallery-icon landscape'>\n\t\t\t\t<a href='https:\/\/www.upslp.edu.mx\/upslp\/wp-content\/uploads\/2018\/06\/11-junio-20o-Verano-de-la-Ciencia-5.jpg'><img loading=\"lazy\" decoding=\"async\" width=\"150\" height=\"112\" src=\"https:\/\/www.upslp.edu.mx\/upslp\/wp-content\/uploads\/2018\/06\/11-junio-20o-Verano-de-la-Ciencia-5.jpg\" class=\"attachment-thumbnail size-thumbnail\" alt=\"\" \/><\/a>\n\t\t\t<\/dt><\/dl><br style=\"clear: both\" \/><dl class='gallery-item'>\n\t\t\t<dt class='gallery-icon landscape'>\n\t\t\t\t<a href='https:\/\/www.upslp.edu.mx\/upslp\/wp-content\/uploads\/2018\/06\/11-junio-20o-Verano-de-la-Ciencia-6.jpg'><img loading=\"lazy\" decoding=\"async\" width=\"150\" height=\"112\" src=\"https:\/\/www.upslp.edu.mx\/upslp\/wp-content\/uploads\/2018\/06\/11-junio-20o-Verano-de-la-Ciencia-6.jpg\" class=\"attachment-thumbnail size-thumbnail\" alt=\"\" \/><\/a>\n\t\t\t<\/dt><\/dl><dl class='gallery-item'>\n\t\t\t<dt class='gallery-icon landscape'>\n\t\t\t\t<a href='https:\/\/www.upslp.edu.mx\/upslp\/wp-content\/uploads\/2018\/06\/11-junio-20o-Verano-de-la-Ciencia-7.jpg'><img loading=\"lazy\" decoding=\"async\" width=\"150\" height=\"112\" src=\"https:\/\/www.upslp.edu.mx\/upslp\/wp-content\/uploads\/2018\/06\/11-junio-20o-Verano-de-la-Ciencia-7.jpg\" class=\"attachment-thumbnail size-thumbnail\" alt=\"\" \/><\/a>\n\t\t\t<\/dt><\/dl><dl class='gallery-item'>\n\t\t\t<dt class='gallery-icon landscape'>\n\t\t\t\t<a href='https:\/\/www.upslp.edu.mx\/upslp\/wp-content\/uploads\/2018\/06\/11-junio-20o-Verano-de-la-Ciencia-10.jpg'><img loading=\"lazy\" decoding=\"async\" width=\"150\" height=\"94\" src=\"https:\/\/www.upslp.edu.mx\/upslp\/wp-content\/uploads\/2018\/06\/11-junio-20o-Verano-de-la-Ciencia-10.jpg\" class=\"attachment-thumbnail size-thumbnail\" alt=\"\" \/><\/a>\n\t\t\t<\/dt><\/dl>\n\t\t\t<br style='clear: both' \/>\n\t\t<\/div>\n\n","protected":false},"excerpt":{"rendered":"<p>El pasado lunes 11 de junio, la Universidad Polit\u00e9cnica de San Luis Potos\u00ed (UPSLP) [&hellip;]<\/p>\n","protected":false},"author":1,"featured_media":0,"comment_status":"closed","ping_status":"closed","sticky":false,"template":"","format":"standard","meta":{"footnotes":""},"categories":[3],"tags":[],"_links":{"self":[{"href":"https:\/\/www.upslp.edu.mx\/upslp\/index.php?rest_route=\/wp\/v2\/posts\/9351"}],"collection":[{"href":"https:\/\/www.upslp.edu.mx\/upslp\/index.php?rest_route=\/wp\/v2\/posts"}],"about":[{"href":"https:\/\/www.upslp.edu.mx\/upslp\/index.php?rest_route=\/wp\/v2\/types\/post"}],"author":[{"embeddable":true,"href":"https:\/\/www.upslp.edu.mx\/upslp\/index.php?rest_route=\/wp\/v2\/users\/1"}],"replies":[{"embeddable":true,"href":"https:\/\/www.upslp.edu.mx\/upslp\/index.php?rest_route=%2Fwp%2Fv2%2Fcomments&post=9351"}],"version-history":[{"count":1,"href":"https:\/\/www.upslp.edu.mx\/upslp\/index.php?rest_route=\/wp\/v2\/posts\/9351\/revisions"}],"predecessor-version":[{"id":9359,"href":"https:\/\/www.upslp.edu.mx\/upslp\/index.php?rest_route=\/wp\/v2\/posts\/9351\/revisions\/9359"}],"wp:attachment":[{"href":"https:\/\/www.upslp.edu.mx\/upslp\/index.php?rest_route=%2Fwp%2Fv2%2Fmedia&parent=9351"}],"wp:term":[{"taxonomy":"category","embeddable":true,"href":"https:\/\/www.upslp.edu.mx\/upslp\/index.php?rest_route=%2Fwp%2Fv2%2Fcategories&post=9351"},{"taxonomy":"post_tag","embeddable":true,"href":"https:\/\/www.upslp.edu.mx\/upslp\/index.php?rest_route=%2Fwp%2Fv2%2Ftags&post=9351"}],"curies":[{"name":"wp","href":"https:\/\/api.w.org\/{rel}","templated":true}]}}