{"id":9370,"date":"2018-06-29T12:29:20","date_gmt":"2018-06-29T17:29:20","guid":{"rendered":"http:\/\/www.upslp.edu.mx\/upslp\/?p=9370"},"modified":"2018-06-29T12:29:20","modified_gmt":"2018-06-29T17:29:20","slug":"estudiantes-de-la-universidad-politecnica-participan-en-el-segundo-encuentro-nacional-de-experiencias-sobre-la-ensenanza-y-el-aprendizaje-de-escritura-y-lectura-academica","status":"publish","type":"post","link":"https:\/\/www.upslp.edu.mx\/upslp\/?p=9370","title":{"rendered":"Estudiantes de la Universidad Polit\u00e9cnica participan en el Segundo Encuentro Nacional de Experiencias sobre la Ense\u00f1anza y el Aprendizaje de Escritura y Lectura Acad\u00e9mica"},"content":{"rendered":"<p style=\"text-align: justify;\">El pasado 22 y 23 de junio, alumnas del Programa Educativo de Licenciatura de Administraci\u00f3n y Gesti\u00f3n (LAG), representaron a la Universidad Polit\u00e9cnica de San Luis Potos\u00ed en el \u201cSegundo Encuentro de Experiencias sobre la Ense\u00f1anza y el Aprendizaje de Escritura y Lectura Acad\u00e9mica en las Instituciones de Educaci\u00f3n Media Superior y Superior\u201d, el cual se llev\u00f3 a cabo en la Universidad Pedag\u00f3gica Nacional, Unidad 241.<\/p>\n<p style=\"text-align: justify;\">Las estudiantes Lajaira de Jes\u00fas L\u00f3pez Dimas y Laura Alicia Mart\u00ednez Morales tuvieron la oportunidad de presentar una ponencia, misma que fue desarrollada con base en su s\u00f3lida formaci\u00f3n en competencias la cual obtuvieron en las materias de Curso de N\u00facleo General, y que les han permitido compartir su experiencia y conocimientos con respecto a la ense\u00f1anza y el aprendizaje de escritura y lectura acad\u00e9mica.<\/p>\n<p style=\"text-align: justify;\">El objetivo de este encuentro acad\u00e9mico es favorecer el intercambio de experiencias entre profesores, investigadores, estudiantes, gestores y grupos acad\u00e9micos de educaci\u00f3n media superior y superior, cuya atenci\u00f3n acad\u00e9mica sea la ense\u00f1anza y el aprendizaje de la lectura y la escritura en las asignaturas y en las disciplinas.<\/p>\n<p style=\"text-align: justify;\">Las estudiantes participaron en la mesa tem\u00e1tica \u201cExperiencias de los estudiantes ante la lectura y la composici\u00f3n escrita de textos acad\u00e9micos en su nivel de estudios\u201d. Laura Alicia Mart\u00ednez, estudiante del cuarto semestre de LAG, present\u00f3 su ponencia \u201cEn la vida y la escritura\u201d, en la cual realiz\u00f3 un an\u00e1lisis y una reflexi\u00f3n acerca del desarrollo de los j\u00f3venes en la escritura y la lectura, desde una visi\u00f3n personal y acad\u00e9mica. Adem\u00e1s, hace \u00e9nfasis en la importancia de fomentar estos h\u00e1bitos por parte de las instituciones educativas.<\/p>\n<p style=\"text-align: justify;\">Por su parte, Lajaira de Jes\u00fas L\u00f3pez, estudiante de segundo semestre de LAG, present\u00f3 su ponencia \u201cEntre palabras y letras me veo\u201d, en la cual resalta la trascendencia de la lectura en la formaci\u00f3n profesional y personal de cada individuo, as\u00ed como de la escritura que permite expresar opiniones, experiencias y conocimiento. Destac\u00f3 la importancia de \u201cdesarrollar la literacidad, para crear una sociedad critica, que cuestione y que aporte conocimientos para buscar un bien com\u00fan\u201d.<\/p>\n<p style=\"text-align: justify;\">\u00a1Extendemos una felicitaci\u00f3n a nuestras estudiantes por su importante participaci\u00f3n en este encuentro acad\u00e9mico!<\/p>\n<p style=\"text-align: justify;\">\n\n\t\t<style type=\"text\/css\">\n\t\t\t#gallery-1 {\n\t\t\t\tmargin: auto;\n\t\t\t}\n\t\t\t#gallery-1 .gallery-item {\n\t\t\t\tfloat: left;\n\t\t\t\tmargin-top: 10px;\n\t\t\t\ttext-align: center;\n\t\t\t\twidth: 25%;\n\t\t\t}\n\t\t\t#gallery-1 img {\n\t\t\t\tborder: 2px solid #cfcfcf;\n\t\t\t}\n\t\t\t#gallery-1 .gallery-caption {\n\t\t\t\tmargin-left: 0;\n\t\t\t}\n\t\t\t\/* see gallery_shortcode() in wp-includes\/media.php *\/\n\t\t<\/style>\n\t\t<div id='gallery-1' class='gallery galleryid-9370 gallery-columns-4 gallery-size-thumbnail'><dl class='gallery-item'>\n\t\t\t<dt class='gallery-icon landscape'>\n\t\t\t\t<a href='https:\/\/www.upslp.edu.mx\/upslp\/wp-content\/uploads\/2018\/06\/23-jun-Participacion-estudiantes-UPN-1.jpg'><img loading=\"lazy\" decoding=\"async\" width=\"150\" height=\"84\" src=\"https:\/\/www.upslp.edu.mx\/upslp\/wp-content\/uploads\/2018\/06\/23-jun-Participacion-estudiantes-UPN-1.jpg\" class=\"attachment-thumbnail size-thumbnail\" alt=\"\" \/><\/a>\n\t\t\t<\/dt><\/dl><dl class='gallery-item'>\n\t\t\t<dt class='gallery-icon landscape'>\n\t\t\t\t<a href='https:\/\/www.upslp.edu.mx\/upslp\/wp-content\/uploads\/2018\/06\/23-jun-Participacion-estudiantes-UPN-2.jpg'><img loading=\"lazy\" decoding=\"async\" width=\"150\" height=\"123\" src=\"https:\/\/www.upslp.edu.mx\/upslp\/wp-content\/uploads\/2018\/06\/23-jun-Participacion-estudiantes-UPN-2.jpg\" class=\"attachment-thumbnail size-thumbnail\" alt=\"\" \/><\/a>\n\t\t\t<\/dt><\/dl><dl class='gallery-item'>\n\t\t\t<dt class='gallery-icon landscape'>\n\t\t\t\t<a href='https:\/\/www.upslp.edu.mx\/upslp\/wp-content\/uploads\/2018\/06\/23-jun-Participacion-estudiantes-UPN-3.jpg'><img loading=\"lazy\" decoding=\"async\" width=\"150\" height=\"121\" src=\"https:\/\/www.upslp.edu.mx\/upslp\/wp-content\/uploads\/2018\/06\/23-jun-Participacion-estudiantes-UPN-3.jpg\" class=\"attachment-thumbnail size-thumbnail\" alt=\"\" \/><\/a>\n\t\t\t<\/dt><\/dl><dl class='gallery-item'>\n\t\t\t<dt class='gallery-icon landscape'>\n\t\t\t\t<a href='https:\/\/www.upslp.edu.mx\/upslp\/wp-content\/uploads\/2018\/06\/23-jun-Participacion-estudiantes-UPN-4.jpg'><img loading=\"lazy\" decoding=\"async\" width=\"150\" height=\"93\" src=\"https:\/\/www.upslp.edu.mx\/upslp\/wp-content\/uploads\/2018\/06\/23-jun-Participacion-estudiantes-UPN-4.jpg\" class=\"attachment-thumbnail size-thumbnail\" alt=\"\" \/><\/a>\n\t\t\t<\/dt><\/dl><br style=\"clear: both\" \/>\n\t\t<\/div>\n\n","protected":false},"excerpt":{"rendered":"<p>El pasado 22 y 23 de junio, alumnas del Programa Educativo de Licenciatura de [&hellip;]<\/p>\n","protected":false},"author":1,"featured_media":0,"comment_status":"closed","ping_status":"closed","sticky":false,"template":"","format":"standard","meta":{"footnotes":""},"categories":[3],"tags":[],"_links":{"self":[{"href":"https:\/\/www.upslp.edu.mx\/upslp\/index.php?rest_route=\/wp\/v2\/posts\/9370"}],"collection":[{"href":"https:\/\/www.upslp.edu.mx\/upslp\/index.php?rest_route=\/wp\/v2\/posts"}],"about":[{"href":"https:\/\/www.upslp.edu.mx\/upslp\/index.php?rest_route=\/wp\/v2\/types\/post"}],"author":[{"embeddable":true,"href":"https:\/\/www.upslp.edu.mx\/upslp\/index.php?rest_route=\/wp\/v2\/users\/1"}],"replies":[{"embeddable":true,"href":"https:\/\/www.upslp.edu.mx\/upslp\/index.php?rest_route=%2Fwp%2Fv2%2Fcomments&post=9370"}],"version-history":[{"count":1,"href":"https:\/\/www.upslp.edu.mx\/upslp\/index.php?rest_route=\/wp\/v2\/posts\/9370\/revisions"}],"predecessor-version":[{"id":9375,"href":"https:\/\/www.upslp.edu.mx\/upslp\/index.php?rest_route=\/wp\/v2\/posts\/9370\/revisions\/9375"}],"wp:attachment":[{"href":"https:\/\/www.upslp.edu.mx\/upslp\/index.php?rest_route=%2Fwp%2Fv2%2Fmedia&parent=9370"}],"wp:term":[{"taxonomy":"category","embeddable":true,"href":"https:\/\/www.upslp.edu.mx\/upslp\/index.php?rest_route=%2Fwp%2Fv2%2Fcategories&post=9370"},{"taxonomy":"post_tag","embeddable":true,"href":"https:\/\/www.upslp.edu.mx\/upslp\/index.php?rest_route=%2Fwp%2Fv2%2Ftags&post=9370"}],"curies":[{"name":"wp","href":"https:\/\/api.w.org\/{rel}","templated":true}]}}