{"id":9433,"date":"2018-07-11T12:59:49","date_gmt":"2018-07-11T17:59:49","guid":{"rendered":"http:\/\/www.upslp.edu.mx\/upslp\/?p=9433"},"modified":"2018-07-11T12:59:49","modified_gmt":"2018-07-11T17:59:49","slug":"profesores-y-personal-administrativo-de-la-universidad-politecnica-de-san-luis-potosi-participan-en-curso-de-educacion-inclusiva","status":"publish","type":"post","link":"https:\/\/www.upslp.edu.mx\/upslp\/?p=9433","title":{"rendered":"Profesores y personal administrativo de la Universidad Polit\u00e9cnica de San Luis Potos\u00ed participan en curso de Educaci\u00f3n Inclusiva"},"content":{"rendered":"<p style=\"text-align: justify;\">El pasado 2 de julio la UPSLP llev\u00f3 a cabo, por tercer a\u00f1o consecutivo, el curso de Introducci\u00f3n a la Educaci\u00f3n Inclusiva, en el cual participaron profesores y personal administrativo de esta Casa de Estudios.<\/p>\n<p style=\"text-align: justify;\">El objetivo de esta capacitaci\u00f3n fue identificar las caracter\u00edsticas de la educaci\u00f3n inclusiva y c\u00f3mo incorporar esta visi\u00f3n en la pr\u00e1ctica docente y de tutor\u00eda para los profesores, y de calidad en el servicio para el personal administrativo. Se abarcaron temas como los modelos de atenci\u00f3n educativa respecto de la diversidad, la discriminaci\u00f3n, el modelo inclusivo y la educaci\u00f3n integral, la discapacidad y las diferencias del aprendizaje, y los retos de la ense\u00f1anza para las instituciones de educaci\u00f3n superior. Adem\u00e1s, se expuso el tema del dise\u00f1o de estrategias pedag\u00f3gicas que permitan crear verdaderas comunidades de aprendizaje en las cuales la colaboraci\u00f3n y el respeto sean valores esenciales<\/p>\n<p style=\"text-align: justify;\">La Dra. Blanca Susana Vega Mart\u00ednez, la Dra. Juana Mar\u00eda Mendez Pineda, la Dra. Mar\u00eda del Rosario Auces Flores y el Mtro. Fernando Mendoza Saucedo, maestros investigadores del Instituto de Ciencias Educativas de la Universidad Aut\u00f3noma de San Luis Potos\u00ed fueron los expositores de este importante curso, mismo que concluyo exitosamente el pasado 6 de julio. Esta capacitaci\u00f3n fue impulsada por el \u00e1rea de Psicopedagog\u00eda con la finalidad de sensibilizar a los profesores y administrativos de la importancia que tiene la discapacidad a nivel universitario.<\/p>\n<p style=\"text-align: justify;\">Los participantes compartieron la importancia de haber recibido esta capacitaci\u00f3n misma que les permite crear oportunidades igualitarias para los j\u00f3venes en la educaci\u00f3n superior, ya que actualmente la Universidad Polit\u00e9cnica de San Luis Potos\u00ed ha recibido j\u00f3venes que presentan alguna discapacidad.<\/p>\n<p style=\"text-align: justify;\">\n\n\t\t<style type=\"text\/css\">\n\t\t\t#gallery-1 {\n\t\t\t\tmargin: auto;\n\t\t\t}\n\t\t\t#gallery-1 .gallery-item {\n\t\t\t\tfloat: left;\n\t\t\t\tmargin-top: 10px;\n\t\t\t\ttext-align: center;\n\t\t\t\twidth: 25%;\n\t\t\t}\n\t\t\t#gallery-1 img {\n\t\t\t\tborder: 2px solid #cfcfcf;\n\t\t\t}\n\t\t\t#gallery-1 .gallery-caption {\n\t\t\t\tmargin-left: 0;\n\t\t\t}\n\t\t\t\/* see gallery_shortcode() in wp-includes\/media.php *\/\n\t\t<\/style>\n\t\t<div id='gallery-1' class='gallery galleryid-9433 gallery-columns-4 gallery-size-thumbnail'><dl class='gallery-item'>\n\t\t\t<dt class='gallery-icon landscape'>\n\t\t\t\t<a href='https:\/\/www.upslp.edu.mx\/upslp\/wp-content\/uploads\/2018\/07\/05-jul-Taller-de-Educacion-Inclusiva-01.jpg'><img loading=\"lazy\" decoding=\"async\" width=\"150\" height=\"113\" src=\"https:\/\/www.upslp.edu.mx\/upslp\/wp-content\/uploads\/2018\/07\/05-jul-Taller-de-Educacion-Inclusiva-01.jpg\" class=\"attachment-thumbnail size-thumbnail\" alt=\"\" \/><\/a>\n\t\t\t<\/dt><\/dl><dl class='gallery-item'>\n\t\t\t<dt class='gallery-icon landscape'>\n\t\t\t\t<a href='https:\/\/www.upslp.edu.mx\/upslp\/wp-content\/uploads\/2018\/07\/05-jul-Taller-de-Educacion-Inclusiva-2.jpg'><img loading=\"lazy\" decoding=\"async\" width=\"150\" height=\"113\" src=\"https:\/\/www.upslp.edu.mx\/upslp\/wp-content\/uploads\/2018\/07\/05-jul-Taller-de-Educacion-Inclusiva-2.jpg\" class=\"attachment-thumbnail size-thumbnail\" alt=\"\" \/><\/a>\n\t\t\t<\/dt><\/dl><dl class='gallery-item'>\n\t\t\t<dt class='gallery-icon landscape'>\n\t\t\t\t<a href='https:\/\/www.upslp.edu.mx\/upslp\/wp-content\/uploads\/2018\/07\/05-jul-Taller-de-Educacion-Inclusiva-4.jpg'><img loading=\"lazy\" decoding=\"async\" width=\"150\" height=\"113\" src=\"https:\/\/www.upslp.edu.mx\/upslp\/wp-content\/uploads\/2018\/07\/05-jul-Taller-de-Educacion-Inclusiva-4.jpg\" class=\"attachment-thumbnail size-thumbnail\" alt=\"\" \/><\/a>\n\t\t\t<\/dt><\/dl><dl class='gallery-item'>\n\t\t\t<dt class='gallery-icon landscape'>\n\t\t\t\t<a href='https:\/\/www.upslp.edu.mx\/upslp\/wp-content\/uploads\/2018\/07\/05-jul-Taller-de-Educacion-Inclusiva-6.jpg'><img loading=\"lazy\" decoding=\"async\" width=\"150\" height=\"113\" src=\"https:\/\/www.upslp.edu.mx\/upslp\/wp-content\/uploads\/2018\/07\/05-jul-Taller-de-Educacion-Inclusiva-6.jpg\" class=\"attachment-thumbnail size-thumbnail\" alt=\"\" \/><\/a>\n\t\t\t<\/dt><\/dl><br style=\"clear: both\" \/><dl class='gallery-item'>\n\t\t\t<dt class='gallery-icon landscape'>\n\t\t\t\t<a href='https:\/\/www.upslp.edu.mx\/upslp\/wp-content\/uploads\/2018\/07\/05-jul-Taller-de-Educacion-Inclusiva-7.jpg'><img loading=\"lazy\" decoding=\"async\" width=\"150\" height=\"113\" src=\"https:\/\/www.upslp.edu.mx\/upslp\/wp-content\/uploads\/2018\/07\/05-jul-Taller-de-Educacion-Inclusiva-7.jpg\" class=\"attachment-thumbnail size-thumbnail\" alt=\"\" \/><\/a>\n\t\t\t<\/dt><\/dl><dl class='gallery-item'>\n\t\t\t<dt class='gallery-icon landscape'>\n\t\t\t\t<a href='https:\/\/www.upslp.edu.mx\/upslp\/wp-content\/uploads\/2018\/07\/05-jul-Taller-de-Educacion-Inclusiva-8.jpg'><img loading=\"lazy\" decoding=\"async\" width=\"150\" height=\"113\" src=\"https:\/\/www.upslp.edu.mx\/upslp\/wp-content\/uploads\/2018\/07\/05-jul-Taller-de-Educacion-Inclusiva-8.jpg\" class=\"attachment-thumbnail size-thumbnail\" alt=\"\" \/><\/a>\n\t\t\t<\/dt><\/dl><dl class='gallery-item'>\n\t\t\t<dt class='gallery-icon landscape'>\n\t\t\t\t<a href='https:\/\/www.upslp.edu.mx\/upslp\/wp-content\/uploads\/2018\/07\/05-jul-Taller-de-Educacion-Inclusiva-10.jpg'><img loading=\"lazy\" decoding=\"async\" width=\"150\" height=\"113\" src=\"https:\/\/www.upslp.edu.mx\/upslp\/wp-content\/uploads\/2018\/07\/05-jul-Taller-de-Educacion-Inclusiva-10.jpg\" class=\"attachment-thumbnail size-thumbnail\" alt=\"\" \/><\/a>\n\t\t\t<\/dt><\/dl><dl class='gallery-item'>\n\t\t\t<dt class='gallery-icon landscape'>\n\t\t\t\t<a href='https:\/\/www.upslp.edu.mx\/upslp\/wp-content\/uploads\/2018\/07\/05-jul-Taller-de-Educacion-Inclusiva-13.jpg'><img loading=\"lazy\" decoding=\"async\" width=\"150\" height=\"113\" src=\"https:\/\/www.upslp.edu.mx\/upslp\/wp-content\/uploads\/2018\/07\/05-jul-Taller-de-Educacion-Inclusiva-13.jpg\" class=\"attachment-thumbnail size-thumbnail\" alt=\"\" \/><\/a>\n\t\t\t<\/dt><\/dl><br style=\"clear: both\" \/><dl class='gallery-item'>\n\t\t\t<dt class='gallery-icon landscape'>\n\t\t\t\t<a href='https:\/\/www.upslp.edu.mx\/upslp\/wp-content\/uploads\/2018\/07\/05-jul-Taller-de-Educacion-Inclusiva-14.jpg'><img loading=\"lazy\" decoding=\"async\" width=\"150\" height=\"112\" src=\"https:\/\/www.upslp.edu.mx\/upslp\/wp-content\/uploads\/2018\/07\/05-jul-Taller-de-Educacion-Inclusiva-14.jpg\" class=\"attachment-thumbnail size-thumbnail\" alt=\"\" \/><\/a>\n\t\t\t<\/dt><\/dl><dl class='gallery-item'>\n\t\t\t<dt class='gallery-icon landscape'>\n\t\t\t\t<a href='https:\/\/www.upslp.edu.mx\/upslp\/wp-content\/uploads\/2018\/07\/05-jul-Taller-de-Educacion-Inclusiva-16.jpg'><img loading=\"lazy\" decoding=\"async\" width=\"150\" height=\"112\" src=\"https:\/\/www.upslp.edu.mx\/upslp\/wp-content\/uploads\/2018\/07\/05-jul-Taller-de-Educacion-Inclusiva-16.jpg\" class=\"attachment-thumbnail size-thumbnail\" alt=\"\" \/><\/a>\n\t\t\t<\/dt><\/dl>\n\t\t\t<br style='clear: both' \/>\n\t\t<\/div>\n\n","protected":false},"excerpt":{"rendered":"<p>El pasado 2 de julio la UPSLP llev\u00f3 a cabo, por tercer a\u00f1o consecutivo, [&hellip;]<\/p>\n","protected":false},"author":1,"featured_media":0,"comment_status":"closed","ping_status":"closed","sticky":false,"template":"","format":"standard","meta":{"footnotes":""},"categories":[3],"tags":[],"_links":{"self":[{"href":"https:\/\/www.upslp.edu.mx\/upslp\/index.php?rest_route=\/wp\/v2\/posts\/9433"}],"collection":[{"href":"https:\/\/www.upslp.edu.mx\/upslp\/index.php?rest_route=\/wp\/v2\/posts"}],"about":[{"href":"https:\/\/www.upslp.edu.mx\/upslp\/index.php?rest_route=\/wp\/v2\/types\/post"}],"author":[{"embeddable":true,"href":"https:\/\/www.upslp.edu.mx\/upslp\/index.php?rest_route=\/wp\/v2\/users\/1"}],"replies":[{"embeddable":true,"href":"https:\/\/www.upslp.edu.mx\/upslp\/index.php?rest_route=%2Fwp%2Fv2%2Fcomments&post=9433"}],"version-history":[{"count":1,"href":"https:\/\/www.upslp.edu.mx\/upslp\/index.php?rest_route=\/wp\/v2\/posts\/9433\/revisions"}],"predecessor-version":[{"id":9444,"href":"https:\/\/www.upslp.edu.mx\/upslp\/index.php?rest_route=\/wp\/v2\/posts\/9433\/revisions\/9444"}],"wp:attachment":[{"href":"https:\/\/www.upslp.edu.mx\/upslp\/index.php?rest_route=%2Fwp%2Fv2%2Fmedia&parent=9433"}],"wp:term":[{"taxonomy":"category","embeddable":true,"href":"https:\/\/www.upslp.edu.mx\/upslp\/index.php?rest_route=%2Fwp%2Fv2%2Fcategories&post=9433"},{"taxonomy":"post_tag","embeddable":true,"href":"https:\/\/www.upslp.edu.mx\/upslp\/index.php?rest_route=%2Fwp%2Fv2%2Ftags&post=9433"}],"curies":[{"name":"wp","href":"https:\/\/api.w.org\/{rel}","templated":true}]}}