{"id":9865,"date":"2018-08-06T11:36:03","date_gmt":"2018-08-06T16:36:03","guid":{"rendered":"http:\/\/www.upslp.edu.mx\/upslp\/?p=9865"},"modified":"2018-10-02T11:39:46","modified_gmt":"2018-10-02T16:39:46","slug":"rector-de-la-universidad-comunitaria-de-tucson-imparte-conferencia-sobre-formacion-dual-en-la-universidad-politecnica-de-san-luis-potosi","status":"publish","type":"post","link":"https:\/\/www.upslp.edu.mx\/upslp\/?p=9865","title":{"rendered":"Rector de la Universidad Comunitaria de Tucson imparte conferencia sobre formaci\u00f3n dual en la Universidad Polit\u00e9cnica de San Luis Potos\u00ed"},"content":{"rendered":"<p style=\"text-align: justify;\">El jueves 2 de agosto, la Universidad Polit\u00e9cnica de San Luis Potos\u00ed (UPSLP) tuvo el honor de recibir al Dr. Lee Lambert, rector general de la Universidad Comunitaria del Condado de Pima en Tucson, Arizona, quien imparti\u00f3 la conferencia \u201cEl impacto del desarrollo tecnol\u00f3gico en la formaci\u00f3n de t\u00e9cnicos y profesionales: \u00bfpor qu\u00e9 y c\u00f3mo articular a las instituciones de educaci\u00f3n superior y las empresas?\u201d.<\/p>\n<p style=\"text-align: justify;\">En esta conferencia, participaron representantes de instituciones de educaci\u00f3n media superior y superior, y tuvo como finalidad compartir la experiencia de la Universidad Comunitaria del Condado de Pima, en relaci\u00f3n a la formaci\u00f3n de los estudiantes, considerando los avances tecnol\u00f3gicos en su preparaci\u00f3n, as\u00ed como la implementaci\u00f3n exitosa del modelo de vinculaci\u00f3n empresa \u2013 escuela.<\/p>\n<p style=\"text-align: justify;\">Al t\u00e9rmino de la conferencia, el Rector de la Universidad Polit\u00e9cnica de San Luis Potos\u00ed, Mtro. Francisco Javier Delgado Rojas y el Vicerrector Acad\u00e9mico, Dr. Francisco Rafael Rostro Contreras invitaron al Dr. Lee Lambert y al Dr. Ricardo Castro Salazar, Vicerrector de Asuntos Internacionales de la Universidad Comunitaria del Condado de Pima, a conocer el Centro de Manufactura Avanzada (CMA). Acompa\u00f1ados por el Secretario de Educaci\u00f3n de Gobierno del Estado, Ing. Joel Ram\u00edrez D\u00edaz y del Director de Educaci\u00f3n Media y Superior, Lic. Jos\u00e9 Antonio Bonales Rojas, realizaron un recorrido por los diferentes laboratorios especializados que est\u00e1n a disposici\u00f3n de los estudiantes del Programa Educativo de Ingenier\u00eda en Tecnolog\u00edas de Manufactura.<\/p>\n<p style=\"text-align: justify;\">El Mtro. Francisco Javier Delgado Rojas explic\u00f3 al Dr. Lee Lambert la metodolog\u00eda del Programa de Formaci\u00f3n Dual Universidad &#8211; Empresa de la UPSLP, el cual ha tenido una exitosa aceptaci\u00f3n en las empresas y ha logrado un alto \u00edndice de empleabilidad entre los egresados de esta casa de estudios. El rector Lee Lambert expres\u00f3 su inter\u00e9s en este programa, ya que considera de suma importancia trabajar con las industrias y las empresas para lograr un mejor \u00e9xito, as\u00ed como tener un aprendizaje mutuo con instituciones de educaci\u00f3n superior como la UPSLP, que ha mostrado avances significativos durante los diez a\u00f1os de formaci\u00f3n dual de sus estudiantes.<\/p>\n<p style=\"text-align: justify;\">Cabe destacar que el Dr. Lee Lambert estuvo de visita en San Luis Potos\u00ed con el objetivo de trabajar en programas de movilidad estudiantil, as\u00ed como de formaci\u00f3n y profesionalizaci\u00f3n, en la que se destaca ampliar los v\u00ednculos institucionales con universidades extranjeras.<\/p>\n\n\t\t<style type=\"text\/css\">\n\t\t\t#gallery-1 {\n\t\t\t\tmargin: auto;\n\t\t\t}\n\t\t\t#gallery-1 .gallery-item {\n\t\t\t\tfloat: left;\n\t\t\t\tmargin-top: 10px;\n\t\t\t\ttext-align: center;\n\t\t\t\twidth: 25%;\n\t\t\t}\n\t\t\t#gallery-1 img {\n\t\t\t\tborder: 2px solid #cfcfcf;\n\t\t\t}\n\t\t\t#gallery-1 .gallery-caption {\n\t\t\t\tmargin-left: 0;\n\t\t\t}\n\t\t\t\/* see gallery_shortcode() in wp-includes\/media.php *\/\n\t\t<\/style>\n\t\t<div id='gallery-1' class='gallery galleryid-9865 gallery-columns-4 gallery-size-thumbnail'><dl class='gallery-item'>\n\t\t\t<dt class='gallery-icon landscape'>\n\t\t\t\t<a href='https:\/\/www.upslp.edu.mx\/upslp\/wp-content\/uploads\/2018\/10\/2-ago-Visita-rector-Universidad-Tucson-2.jpg'><img loading=\"lazy\" decoding=\"async\" width=\"150\" height=\"113\" src=\"https:\/\/www.upslp.edu.mx\/upslp\/wp-content\/uploads\/2018\/10\/2-ago-Visita-rector-Universidad-Tucson-2.jpg\" class=\"attachment-thumbnail size-thumbnail\" alt=\"\" \/><\/a>\n\t\t\t<\/dt><\/dl><dl class='gallery-item'>\n\t\t\t<dt class='gallery-icon landscape'>\n\t\t\t\t<a href='https:\/\/www.upslp.edu.mx\/upslp\/wp-content\/uploads\/2018\/10\/2-ago-Visita-rector-Universidad-Tucson-5.jpg'><img loading=\"lazy\" decoding=\"async\" width=\"150\" height=\"113\" src=\"https:\/\/www.upslp.edu.mx\/upslp\/wp-content\/uploads\/2018\/10\/2-ago-Visita-rector-Universidad-Tucson-5.jpg\" class=\"attachment-thumbnail size-thumbnail\" alt=\"\" \/><\/a>\n\t\t\t<\/dt><\/dl><dl class='gallery-item'>\n\t\t\t<dt class='gallery-icon landscape'>\n\t\t\t\t<a href='https:\/\/www.upslp.edu.mx\/upslp\/wp-content\/uploads\/2018\/10\/2-ago-Visita-rector-Universidad-Tucson-6.jpg'><img loading=\"lazy\" decoding=\"async\" width=\"150\" height=\"113\" src=\"https:\/\/www.upslp.edu.mx\/upslp\/wp-content\/uploads\/2018\/10\/2-ago-Visita-rector-Universidad-Tucson-6.jpg\" class=\"attachment-thumbnail size-thumbnail\" alt=\"\" \/><\/a>\n\t\t\t<\/dt><\/dl><dl class='gallery-item'>\n\t\t\t<dt class='gallery-icon landscape'>\n\t\t\t\t<a href='https:\/\/www.upslp.edu.mx\/upslp\/wp-content\/uploads\/2018\/10\/2-ago-Visita-rector-Universidad-Tucson-10.jpg'><img loading=\"lazy\" decoding=\"async\" width=\"150\" height=\"113\" src=\"https:\/\/www.upslp.edu.mx\/upslp\/wp-content\/uploads\/2018\/10\/2-ago-Visita-rector-Universidad-Tucson-10.jpg\" class=\"attachment-thumbnail size-thumbnail\" alt=\"\" \/><\/a>\n\t\t\t<\/dt><\/dl><br style=\"clear: both\" \/><dl class='gallery-item'>\n\t\t\t<dt class='gallery-icon landscape'>\n\t\t\t\t<a href='https:\/\/www.upslp.edu.mx\/upslp\/wp-content\/uploads\/2018\/10\/2-ago-Visita-rector-Universidad-Tucson-11.jpg'><img loading=\"lazy\" decoding=\"async\" width=\"150\" height=\"113\" src=\"https:\/\/www.upslp.edu.mx\/upslp\/wp-content\/uploads\/2018\/10\/2-ago-Visita-rector-Universidad-Tucson-11.jpg\" class=\"attachment-thumbnail size-thumbnail\" alt=\"\" \/><\/a>\n\t\t\t<\/dt><\/dl><dl class='gallery-item'>\n\t\t\t<dt class='gallery-icon landscape'>\n\t\t\t\t<a href='https:\/\/www.upslp.edu.mx\/upslp\/wp-content\/uploads\/2018\/10\/2-ago-Visita-rector-Universidad-Tucson-12.jpg'><img loading=\"lazy\" decoding=\"async\" width=\"150\" height=\"116\" src=\"https:\/\/www.upslp.edu.mx\/upslp\/wp-content\/uploads\/2018\/10\/2-ago-Visita-rector-Universidad-Tucson-12.jpg\" class=\"attachment-thumbnail size-thumbnail\" alt=\"\" \/><\/a>\n\t\t\t<\/dt><\/dl><dl class='gallery-item'>\n\t\t\t<dt class='gallery-icon landscape'>\n\t\t\t\t<a href='https:\/\/www.upslp.edu.mx\/upslp\/wp-content\/uploads\/2018\/10\/2-ago-Visita-rector-Universidad-Tucson-13.jpg'><img loading=\"lazy\" decoding=\"async\" width=\"150\" height=\"113\" src=\"https:\/\/www.upslp.edu.mx\/upslp\/wp-content\/uploads\/2018\/10\/2-ago-Visita-rector-Universidad-Tucson-13.jpg\" class=\"attachment-thumbnail size-thumbnail\" alt=\"\" \/><\/a>\n\t\t\t<\/dt><\/dl><dl class='gallery-item'>\n\t\t\t<dt class='gallery-icon landscape'>\n\t\t\t\t<a href='https:\/\/www.upslp.edu.mx\/upslp\/wp-content\/uploads\/2018\/10\/2-ago-Visita-rector-Universidad-Tucson-14.jpg'><img loading=\"lazy\" decoding=\"async\" width=\"150\" height=\"113\" src=\"https:\/\/www.upslp.edu.mx\/upslp\/wp-content\/uploads\/2018\/10\/2-ago-Visita-rector-Universidad-Tucson-14.jpg\" class=\"attachment-thumbnail size-thumbnail\" alt=\"\" \/><\/a>\n\t\t\t<\/dt><\/dl><br style=\"clear: both\" \/><dl class='gallery-item'>\n\t\t\t<dt class='gallery-icon landscape'>\n\t\t\t\t<a href='https:\/\/www.upslp.edu.mx\/upslp\/wp-content\/uploads\/2018\/10\/2-ago-Visita-rector-Universidad-Tucson-15.jpg'><img loading=\"lazy\" decoding=\"async\" width=\"150\" height=\"113\" src=\"https:\/\/www.upslp.edu.mx\/upslp\/wp-content\/uploads\/2018\/10\/2-ago-Visita-rector-Universidad-Tucson-15.jpg\" class=\"attachment-thumbnail size-thumbnail\" alt=\"\" \/><\/a>\n\t\t\t<\/dt><\/dl><dl class='gallery-item'>\n\t\t\t<dt class='gallery-icon landscape'>\n\t\t\t\t<a href='https:\/\/www.upslp.edu.mx\/upslp\/wp-content\/uploads\/2018\/10\/2-ago-Visita-rector-Universidad-Tucson-16.jpg'><img loading=\"lazy\" decoding=\"async\" width=\"150\" height=\"113\" src=\"https:\/\/www.upslp.edu.mx\/upslp\/wp-content\/uploads\/2018\/10\/2-ago-Visita-rector-Universidad-Tucson-16.jpg\" class=\"attachment-thumbnail size-thumbnail\" alt=\"\" \/><\/a>\n\t\t\t<\/dt><\/dl><dl class='gallery-item'>\n\t\t\t<dt class='gallery-icon landscape'>\n\t\t\t\t<a href='https:\/\/www.upslp.edu.mx\/upslp\/wp-content\/uploads\/2018\/10\/2-ago-Visita-rector-Universidad-Tucson-3.jpg'><img loading=\"lazy\" decoding=\"async\" width=\"150\" height=\"113\" src=\"https:\/\/www.upslp.edu.mx\/upslp\/wp-content\/uploads\/2018\/10\/2-ago-Visita-rector-Universidad-Tucson-3.jpg\" class=\"attachment-thumbnail size-thumbnail\" alt=\"\" \/><\/a>\n\t\t\t<\/dt><\/dl>\n\t\t\t<br style='clear: both' \/>\n\t\t<\/div>\n\n","protected":false},"excerpt":{"rendered":"<p>El jueves 2 de agosto, la Universidad Polit\u00e9cnica de San Luis Potos\u00ed (UPSLP) tuvo [&hellip;]<\/p>\n","protected":false},"author":1,"featured_media":0,"comment_status":"closed","ping_status":"closed","sticky":false,"template":"","format":"standard","meta":{"footnotes":""},"categories":[3],"tags":[],"_links":{"self":[{"href":"https:\/\/www.upslp.edu.mx\/upslp\/index.php?rest_route=\/wp\/v2\/posts\/9865"}],"collection":[{"href":"https:\/\/www.upslp.edu.mx\/upslp\/index.php?rest_route=\/wp\/v2\/posts"}],"about":[{"href":"https:\/\/www.upslp.edu.mx\/upslp\/index.php?rest_route=\/wp\/v2\/types\/post"}],"author":[{"embeddable":true,"href":"https:\/\/www.upslp.edu.mx\/upslp\/index.php?rest_route=\/wp\/v2\/users\/1"}],"replies":[{"embeddable":true,"href":"https:\/\/www.upslp.edu.mx\/upslp\/index.php?rest_route=%2Fwp%2Fv2%2Fcomments&post=9865"}],"version-history":[{"count":1,"href":"https:\/\/www.upslp.edu.mx\/upslp\/index.php?rest_route=\/wp\/v2\/posts\/9865\/revisions"}],"predecessor-version":[{"id":9877,"href":"https:\/\/www.upslp.edu.mx\/upslp\/index.php?rest_route=\/wp\/v2\/posts\/9865\/revisions\/9877"}],"wp:attachment":[{"href":"https:\/\/www.upslp.edu.mx\/upslp\/index.php?rest_route=%2Fwp%2Fv2%2Fmedia&parent=9865"}],"wp:term":[{"taxonomy":"category","embeddable":true,"href":"https:\/\/www.upslp.edu.mx\/upslp\/index.php?rest_route=%2Fwp%2Fv2%2Fcategories&post=9865"},{"taxonomy":"post_tag","embeddable":true,"href":"https:\/\/www.upslp.edu.mx\/upslp\/index.php?rest_route=%2Fwp%2Fv2%2Ftags&post=9865"}],"curies":[{"name":"wp","href":"https:\/\/api.w.org\/{rel}","templated":true}]}}